{"id":8169,"date":"2026-09-01T15:30:00","date_gmt":"2026-09-01T18:30:00","guid":{"rendered":"https:\/\/diariodocomercio.com.br\/geral\/?p=8169"},"modified":"2026-09-01T14:58:14","modified_gmt":"2026-09-01T17:58:14","slug":"kohler-fecha-fabrica-em-mg","status":"publish","type":"post","link":"https:\/\/diariodocomercio.com.br\/geral\/kohler-fecha-fabrica-em-mg\/","title":{"rendered":"Kohler fecha f\u00e1brica em MG e afeta mais de 400 fam\u00edlias; entenda o motivo"},"content":{"rendered":"\n<p class=\"wp-block-paragraph\">A Kohler, fabricante americana de lou\u00e7as e metais sanit\u00e1rios, fechou a \u00fanica unidade que mantinha no Brasil, em Andradas. A decis\u00e3o deve afetar mais de 400 fam\u00edlias do munic\u00edpio, segundo estimativa da Prefeitura.<\/p>\n\n\n\n<p class=\"wp-block-paragraph\">A empresa opera no pa\u00eds desde 2014, quando adquiriu a Fiori e a f\u00e1brica. Com o encerramento da unidade, a marca Fiori tamb\u00e9m foi descontinuada no Brasil.<\/p>\n\n\n\n<p class=\"wp-block-paragraph\">O fechamento combina dois fatores, segundo Allan di Bartolomeo, diretor jur\u00eddico da Kohler para a Am\u00e9rica Latina, em entrevista ao Valor Econ\u00f4mico. Parte da produ\u00e7\u00e3o de Andradas era exportada aos EUA, e as tarifas norte-americanas foram &#8220;mais um desest\u00edmulo&#8221; para manter a unidade. Ao mesmo tempo, a empresa reorientou sua estrat\u00e9gia global para os segmentos premium e de luxo, distantes do perfil da produ\u00e7\u00e3o em Andradas.<\/p>\n\n\n\n<h2 class=\"wp-block-heading\"><strong>Fechamento da Kohler deixa 400 trabalhadores em negocia\u00e7\u00e3o<\/strong><\/h2>\n\n\n\n<p class=\"wp-block-paragraph\">O Sindicato dos Trabalhadores nas Ind\u00fastrias de Cer\u00e2mica de Andradas, Po\u00e7os de Caldas e Caldas abriu rodada de negocia\u00e7\u00e3o coletiva com a \u00e1rea de Recursos Humanos da Kohler no Brasil. Di Bartolomeo confirmou ao Valor que os trabalhadores ter\u00e3o licen\u00e7a remunerada de um m\u00eas durante as tratativas.<\/p>\n\n\n\n<p class=\"wp-block-paragraph\">Uma Assembleia Geral Extraordin\u00e1ria com a categoria ser\u00e1 convocada antes do fim desta semana. Data e hor\u00e1rio ainda n\u00e3o foram definidos.<\/p>\n\n\n\n<h2 class=\"wp-block-heading\"><strong>F\u00e1brica pode ter novo dono<\/strong><\/h2>\n\n\n\n<p class=\"wp-block-paragraph\">A empresa avalia repassar o parque industrial de Andradas a outro fabricante do setor, segundo Di Bartolomeo. Para o mercado brasileiro, o plano \u00e9 trazer outras marcas do portf\u00f3lio global da Kohler, que re\u00fane 25 marcas, em at\u00e9 um ano.<\/p>\n\n\n\n<p class=\"wp-block-paragraph\">A prefeita Margot Pioli tem reuni\u00e3o marcada com Fernando Puccinelli, gerente de Recursos Humanos da Kohler no Brasil, nesta quinta-feira (3). A <a href=\"https:\/\/www.andradas.mg.gov.br\/\" target=\"_blank\" rel=\"noopener\">Prefeitura<\/a> afirmou que seguir\u00e1 monitorando o encerramento e o desfecho para os trabalhadores do munic\u00edpio.<\/p>\n","protected":false},"excerpt":{"rendered":"<p>A Kohler, fabricante americana de lou\u00e7as e metais sanit\u00e1rios, fechou a \u00fanica unidade que mantinha no Brasil, em Andradas. A decis\u00e3o deve afetar mais de 400 fam\u00edlias do munic\u00edpio, segundo estimativa da Prefeitura. A empresa opera no pa\u00eds desde 2014, quando adquiriu a Fiori e a f\u00e1brica. Com o encerramento da unidade, a marca Fiori [&hellip;]<\/p>\n","protected":false},"author":4,"featured_media":8170,"comment_status":"closed","ping_status":"open","sticky":false,"template":"","format":"standard","meta":{"_acf_changed":false,"footnotes":""},"categories":[11,9],"tags":[],"class_list":["post-8169","post","type-post","status-publish","format-standard","has-post-thumbnail","hentry","category-cidades","category-economia"],"acf":{"subtitulo":"Unidade de Andradas era a \u00fanica da marca no Brasil","oculta_home":false,"leitura_rapida":""},"_links":{"self":[{"href":"https:\/\/diariodocomercio.com.br\/geral\/wp-json\/wp\/v2\/posts\/8169","targetHints":{"allow":["GET"]}}],"collection":[{"href":"https:\/\/diariodocomercio.com.br\/geral\/wp-json\/wp\/v2\/posts"}],"about":[{"href":"https:\/\/diariodocomercio.com.br\/geral\/wp-json\/wp\/v2\/types\/post"}],"author":[{"embeddable":true,"href":"https:\/\/diariodocomercio.com.br\/geral\/wp-json\/wp\/v2\/users\/4"}],"replies":[{"embeddable":true,"href":"https:\/\/diariodocomercio.com.br\/geral\/wp-json\/wp\/v2\/comments?post=8169"}],"version-history":[{"count":6,"href":"https:\/\/diariodocomercio.com.br\/geral\/wp-json\/wp\/v2\/posts\/8169\/revisions"}],"predecessor-version":[{"id":8177,"href":"https:\/\/diariodocomercio.com.br\/geral\/wp-json\/wp\/v2\/posts\/8169\/revisions\/8177"}],"wp:featuredmedia":[{"embeddable":true,"href":"https:\/\/diariodocomercio.com.br\/geral\/wp-json\/wp\/v2\/media\/8170"}],"wp:attachment":[{"href":"https:\/\/diariodocomercio.com.br\/geral\/wp-json\/wp\/v2\/media?parent=8169"}],"wp:term":[{"taxonomy":"category","embeddable":true,"href":"https:\/\/diariodocomercio.com.br\/geral\/wp-json\/wp\/v2\/categories?post=8169"},{"taxonomy":"post_tag","embeddable":true,"href":"https:\/\/diariodocomercio.com.br\/geral\/wp-json\/wp\/v2\/tags?post=8169"}],"curies":[{"name":"wp","href":"https:\/\/api.w.org\/{rel}","templated":true}]}}