{"id":8180,"date":"2026-09-01T16:00:00","date_gmt":"2026-09-01T19:00:00","guid":{"rendered":"https:\/\/diariodocomercio.com.br\/geral\/?p=8180"},"modified":"2026-09-01T15:56:13","modified_gmt":"2026-09-01T18:56:13","slug":"concurso-fjp-graduacao-gratuita-mg","status":"publish","type":"post","link":"https:\/\/diariodocomercio.com.br\/geral\/concurso-fjp-graduacao-gratuita-mg\/","title":{"rendered":"Concurso com sele\u00e7\u00e3o pelo Enem d\u00e1 gradua\u00e7\u00e3o gr\u00e1tis e sal\u00e1rio de R$ 5,2 mil em MG"},"content":{"rendered":"\n<p class=\"wp-block-paragraph\">O Governo de Minas Gerais abriu inscri\u00e7\u00f5es para um concurso p\u00fablico com 30 vagas e gradua\u00e7\u00e3o gratuita na Funda\u00e7\u00e3o Jo\u00e3o Pinheiro, em Belo Horizonte. A remunera\u00e7\u00e3o do cargo, ap\u00f3s a conclus\u00e3o do curso, \u00e9 de R$ 5.226,60 para jornada de 40 horas semanais.<\/p>\n\n\n\n<p class=\"wp-block-paragraph\">As vagas s\u00e3o para Especialista em Pol\u00edticas P\u00fablicas e Gest\u00e3o Governamental (EPPGG), cargo que atua na formula\u00e7\u00e3o, avalia\u00e7\u00e3o e execu\u00e7\u00e3o de pol\u00edticas p\u00fablicas e no planejamento or\u00e7ament\u00e1rio estadual.<\/p>\n\n\n\n<h2 class=\"wp-block-heading\"><strong>Como funciona a sele\u00e7\u00e3o para o Concurso FJP<\/strong><\/h2>\n\n\n\n<p class=\"wp-block-paragraph\">A sele\u00e7\u00e3o tem tr\u00eas etapas. A primeira \u00e9 o Enem 2026, com pontua\u00e7\u00e3o de corte de 350 em cada \u00e1rea do conhecimento e 500 na reda\u00e7\u00e3o. Quem passar avan\u00e7a para an\u00e1lise de documentos e, depois, para matr\u00edcula no Curso Superior de Administra\u00e7\u00e3o P\u00fablica (Csap), da Funda\u00e7\u00e3o Jo\u00e3o Pinheiro.<\/p>\n\n\n\n<p class=\"wp-block-paragraph\">As aulas s\u00e3o presenciais, com grade distribu\u00edda entre manh\u00e3 e tarde, e dura\u00e7\u00e3o de quatro anos. Durante o curso, quem n\u00e3o tem v\u00ednculo com o servi\u00e7o p\u00fablico estadual recebe um sal\u00e1rio m\u00ednimo por m\u00eas como bolsa.<\/p>\n\n\n\n<p class=\"wp-block-paragraph\">Metade das vagas, 15, \u00e9 de ampla concorr\u00eancia. As outras 15 s\u00e3o reservadas a pessoas com defici\u00eancia, candidatos negros, ind\u00edgenas e pessoas de baixa renda com hist\u00f3rico escolar integralmente em rede p\u00fablica.<\/p>\n\n\n\n<p class=\"wp-block-paragraph\">As inscri\u00e7\u00f5es ficam abertas at\u00e9 28 de setembro no <a href=\"https:\/\/fjp.mg.gov.br\/\" target=\"_blank\" rel=\"noopener\">site da Funda\u00e7\u00e3o<\/a>, com taxa de R$ 65. Pedidos de isen\u00e7\u00e3o podem ser feitos at\u00e9 3 de setembro.<\/p>\n\n\n\n<h2 class=\"wp-block-heading\"><strong>Regras para quem desistir do curso&nbsp;<\/strong><\/h2>\n\n\n\n<p class=\"wp-block-paragraph\">Segundo o edital, quem abandonar o Csap depois do quarto semestre, acumular reprova\u00e7\u00e3o em tr\u00eas mat\u00e9rias ou deixar o cargo antes de tr\u00eas anos de exerc\u00edcio fica sujeito a ressarcir os valores recebidos ao longo da gradua\u00e7\u00e3o.<\/p>\n","protected":false},"excerpt":{"rendered":"<p>O Governo de Minas Gerais abriu inscri\u00e7\u00f5es para um concurso p\u00fablico com 30 vagas e gradua\u00e7\u00e3o gratuita na Funda\u00e7\u00e3o Jo\u00e3o Pinheiro, em Belo Horizonte. A remunera\u00e7\u00e3o do cargo, ap\u00f3s a conclus\u00e3o do curso, \u00e9 de R$ 5.226,60 para jornada de 40 horas semanais. As vagas s\u00e3o para Especialista em Pol\u00edticas P\u00fablicas e Gest\u00e3o Governamental (EPPGG), [&hellip;]<\/p>\n","protected":false},"author":4,"featured_media":8181,"comment_status":"closed","ping_status":"open","sticky":false,"template":"","format":"standard","meta":{"_acf_changed":false,"footnotes":""},"categories":[1,11],"tags":[],"class_list":["post-8180","post","type-post","status-publish","format-standard","has-post-thumbnail","hentry","category-geral","category-cidades"],"acf":{"subtitulo":"Inscri\u00e7\u00f5es abertas at\u00e9 28 de setembro para 30 vagas, com bolsa mensal durante os quatro anos de forma\u00e7\u00e3o","oculta_home":false,"leitura_rapida":""},"_links":{"self":[{"href":"https:\/\/diariodocomercio.com.br\/geral\/wp-json\/wp\/v2\/posts\/8180","targetHints":{"allow":["GET"]}}],"collection":[{"href":"https:\/\/diariodocomercio.com.br\/geral\/wp-json\/wp\/v2\/posts"}],"about":[{"href":"https:\/\/diariodocomercio.com.br\/geral\/wp-json\/wp\/v2\/types\/post"}],"author":[{"embeddable":true,"href":"https:\/\/diariodocomercio.com.br\/geral\/wp-json\/wp\/v2\/users\/4"}],"replies":[{"embeddable":true,"href":"https:\/\/diariodocomercio.com.br\/geral\/wp-json\/wp\/v2\/comments?post=8180"}],"version-history":[{"count":2,"href":"https:\/\/diariodocomercio.com.br\/geral\/wp-json\/wp\/v2\/posts\/8180\/revisions"}],"predecessor-version":[{"id":8183,"href":"https:\/\/diariodocomercio.com.br\/geral\/wp-json\/wp\/v2\/posts\/8180\/revisions\/8183"}],"wp:featuredmedia":[{"embeddable":true,"href":"https:\/\/diariodocomercio.com.br\/geral\/wp-json\/wp\/v2\/media\/8181"}],"wp:attachment":[{"href":"https:\/\/diariodocomercio.com.br\/geral\/wp-json\/wp\/v2\/media?parent=8180"}],"wp:term":[{"taxonomy":"category","embeddable":true,"href":"https:\/\/diariodocomercio.com.br\/geral\/wp-json\/wp\/v2\/categories?post=8180"},{"taxonomy":"post_tag","embeddable":true,"href":"https:\/\/diariodocomercio.com.br\/geral\/wp-json\/wp\/v2\/tags?post=8180"}],"curies":[{"name":"wp","href":"https:\/\/api.w.org\/{rel}","templated":true}]}}