{"id":8186,"date":"2026-09-01T17:02:34","date_gmt":"2026-09-01T20:02:34","guid":{"rendered":"https:\/\/diariodocomercio.com.br\/geral\/?p=8186"},"modified":"2026-09-01T17:02:36","modified_gmt":"2026-09-01T20:02:36","slug":"linhatur-encerra-operacao-entre-bh-e-espirito-santo","status":"publish","type":"post","link":"https:\/\/diariodocomercio.com.br\/geral\/linhatur-encerra-operacao-entre-bh-e-espirito-santo\/","title":{"rendered":"Linha de \u00f4nibus entre Minas e Esp\u00edrito Santo encerra opera\u00e7\u00e3o a partir desta quarta (2)"},"content":{"rendered":"\n<p class=\"wp-block-paragraph\">A Via\u00e7\u00e3o Linhatur, de Belo Horizonte, encerrar\u00e1 a partir desta quarta-feira (2\/9) as opera\u00e7\u00f5es no trecho entre a capital mineira e Linhares, no Norte do Esp\u00edrito Santo, incluindo as se\u00e7\u00f5es intermedi\u00e1rias com parada em Colatina. O cancelamento foi autorizado pela Ag\u00eancia Nacional de Transportes Terrestres (ANTT). A empresa n\u00e3o divulgou o motivo do encerramento.<\/p>\n\n\n\n<p class=\"wp-block-paragraph\">Nas redes sociais, ao anunciar o <a href=\"https:\/\/www.instagram.com\/p\/DcllZy-x_cw\/?utm_source=ig_web_copy_link&amp;igsi=MzRlODBiNWFlZA==\" target=\"_blank\" rel=\"noopener\">fim da opera\u00e7\u00e3o<\/a>, a Linhatur se despediu dos passageiros com uma nota de agradecimento.&nbsp;<\/p>\n\n\n\n<p class=\"wp-block-paragraph\">&#8220;Depois de tantos anos de estrada, hist\u00f3rias, encontros, despedidas e milhares de quil\u00f4metros percorridos, chegou o momento de anunciar uma decis\u00e3o que, para n\u00f3s, representa muito mais do que a paralisa\u00e7\u00e3o de uma linha. [&#8230;] A cada passageiro que escolheu a Linhatur, confiou em nosso trabalho, embarcou conosco e nos permitiu fazer parte de sua hist\u00f3ria: muito obrigado! Voc\u00eas foram a raz\u00e3o de cada viagem&#8221;, publicou a empresa.<\/p>\n\n\n\n<h2 class=\"wp-block-heading\">Segunda linha encerrada entre MG e ES em menos de um m\u00eas<\/h2>\n\n\n\n<p class=\"wp-block-paragraph\">O encerramento da Linhatur ocorre cerca de um m\u00eas ap\u00f3s a Via\u00e7\u00e3o Pretti encerrar, em 3 de agosto, as opera\u00e7\u00f5es entre as cidades mineiras de Resplendor e Itueta e Colatina, no Esp\u00edrito Santo.&nbsp;<\/p>\n\n\n\n<p class=\"wp-block-paragraph\">Neste caso, como j\u00e1 trouxemos <a href=\"https:\/\/diariodocomercio.com.br\/geral\/viacao-pretti-encerra-operacao-de-linha-de-onibus\/\">aqui<\/a>, a decis\u00e3o foi justificada pelo aumento dos custos operacionais e pela baixa demanda na rota.<\/p>\n","protected":false},"excerpt":{"rendered":"<p>A Via\u00e7\u00e3o Linhatur, de Belo Horizonte, encerrar\u00e1 a partir desta quarta-feira (2\/9) as opera\u00e7\u00f5es no trecho entre a capital mineira e Linhares, no Norte do Esp\u00edrito Santo, incluindo as se\u00e7\u00f5es intermedi\u00e1rias com parada em Colatina. O cancelamento foi autorizado pela Ag\u00eancia Nacional de Transportes Terrestres (ANTT). A empresa n\u00e3o divulgou o motivo do encerramento. Nas [&hellip;]<\/p>\n","protected":false},"author":3,"featured_media":8187,"comment_status":"closed","ping_status":"open","sticky":false,"template":"","format":"standard","meta":{"_acf_changed":false,"footnotes":""},"categories":[1,13],"tags":[],"class_list":["post-8186","post","type-post","status-publish","format-standard","has-post-thumbnail","hentry","category-geral","category-regional"],"acf":{"subtitulo":"Via\u00e7\u00e3o Linhatur informou o cancelamento das viagens regulares entre BH e Linhares, incluindo Colatina","oculta_home":false,"leitura_rapida":""},"_links":{"self":[{"href":"https:\/\/diariodocomercio.com.br\/geral\/wp-json\/wp\/v2\/posts\/8186","targetHints":{"allow":["GET"]}}],"collection":[{"href":"https:\/\/diariodocomercio.com.br\/geral\/wp-json\/wp\/v2\/posts"}],"about":[{"href":"https:\/\/diariodocomercio.com.br\/geral\/wp-json\/wp\/v2\/types\/post"}],"author":[{"embeddable":true,"href":"https:\/\/diariodocomercio.com.br\/geral\/wp-json\/wp\/v2\/users\/3"}],"replies":[{"embeddable":true,"href":"https:\/\/diariodocomercio.com.br\/geral\/wp-json\/wp\/v2\/comments?post=8186"}],"version-history":[{"count":1,"href":"https:\/\/diariodocomercio.com.br\/geral\/wp-json\/wp\/v2\/posts\/8186\/revisions"}],"predecessor-version":[{"id":8188,"href":"https:\/\/diariodocomercio.com.br\/geral\/wp-json\/wp\/v2\/posts\/8186\/revisions\/8188"}],"wp:featuredmedia":[{"embeddable":true,"href":"https:\/\/diariodocomercio.com.br\/geral\/wp-json\/wp\/v2\/media\/8187"}],"wp:attachment":[{"href":"https:\/\/diariodocomercio.com.br\/geral\/wp-json\/wp\/v2\/media?parent=8186"}],"wp:term":[{"taxonomy":"category","embeddable":true,"href":"https:\/\/diariodocomercio.com.br\/geral\/wp-json\/wp\/v2\/categories?post=8186"},{"taxonomy":"post_tag","embeddable":true,"href":"https:\/\/diariodocomercio.com.br\/geral\/wp-json\/wp\/v2\/tags?post=8186"}],"curies":[{"name":"wp","href":"https:\/\/api.w.org\/{rel}","templated":true}]}}