{"id":8189,"date":"2026-09-01T17:31:42","date_gmt":"2026-09-01T20:31:42","guid":{"rendered":"https:\/\/diariodocomercio.com.br\/geral\/?p=8189"},"modified":"2026-09-01T17:31:44","modified_gmt":"2026-09-01T20:31:44","slug":"inss-de-setembro-calendario-datas-de-pagamento","status":"publish","type":"post","link":"https:\/\/diariodocomercio.com.br\/geral\/inss-de-setembro-calendario-datas-de-pagamento\/","title":{"rendered":"Quando o INSS vai pagar em setembro? Confira o calend\u00e1rio completo"},"content":{"rendered":"\n<p class=\"wp-block-paragraph\">O INSS de setembro come\u00e7a a ser pago no dia 24 de setembro para os benefici\u00e1rios que recebem at\u00e9 um sal\u00e1rio m\u00ednimo, com encerramento em 7 de outubro. Para quem recebe acima do piso nacional, os pagamentos come\u00e7am em 1\u00ba de outubro e tamb\u00e9m se encerram em 7 de outubro. O calend\u00e1rio leva em conta o n\u00famero final do cart\u00e3o de benef\u00edcio, sem o d\u00edgito verificador que aparece ap\u00f3s o tra\u00e7o.<\/p>\n\n\n\n<h2 class=\"wp-block-heading\"><strong>Calend\u00e1rio de pagamentos do INSS de setembro&nbsp;<\/strong><\/h2>\n\n\n\n<p class=\"wp-block-paragraph\">O calend\u00e1rio leva em conta o n\u00famero final do cart\u00e3o de benef\u00edcio, sem considerar o \u00faltimo d\u00edgito verificador, que aparece depois do tra\u00e7o. Essas s\u00e3o as datas de recebimento do INSS de setembro para quem ganha at\u00e9 um sal\u00e1rio m\u00ednimo:<\/p>\n\n\n\n<ul class=\"wp-block-list\">\n<li><strong>Final 1:<\/strong> 24 de setembro<\/li>\n\n\n\n<li><strong>Final 2:<\/strong> 25 de setembro<\/li>\n\n\n\n<li><strong>Final 3:<\/strong> 28 de setembro<\/li>\n\n\n\n<li><strong>Final 4:<\/strong> 29 de setembro<\/li>\n\n\n\n<li><strong>Final 5:<\/strong> 30 de setembro<\/li>\n\n\n\n<li><strong>Final 6:<\/strong> 1\u00ba de outubro<\/li>\n\n\n\n<li><strong>Final 7:<\/strong> 2 de outubro<\/li>\n\n\n\n<li><strong>Final 8:<\/strong> 5 de outubro<\/li>\n\n\n\n<li><strong>Final 9:<\/strong> 6 de outubro<\/li>\n\n\n\n<li><strong>Final 0:<\/strong> 7 de outubro<\/li>\n<\/ul>\n\n\n\n<p class=\"wp-block-paragraph\">J\u00e1 para quem recebe mais que um sal\u00e1rio m\u00ednimo, as datas de pagamento s\u00e3o as seguintes:<\/p>\n\n\n\n<ul class=\"wp-block-list\">\n<li><strong>Finais 1 e 6:<\/strong> 1\u00ba de outubro<\/li>\n\n\n\n<li><strong>Finais 2 e 7:<\/strong> 2 de outubro<\/li>\n\n\n\n<li><strong>Finais 3 e 8:<\/strong> 5 de outubro<\/li>\n\n\n\n<li><strong>Finais 4 e 9:<\/strong> 6 de outubro<\/li>\n\n\n\n<li><strong>Finais 5 e 0:<\/strong> 7 de outubro<\/li>\n<\/ul>\n\n\n\n<h2 class=\"wp-block-heading\"><strong>Como consultar o benef\u00edcio<\/strong><\/h2>\n\n\n\n<p class=\"wp-block-paragraph\">Aposentados, pensionistas e demais benefici\u00e1rios podem consultar o valor a receber do INSS <strong><\/strong>de setembro pelo aplicativo Meu INSS ou pelo <a href=\"http:\/\/meu.inss.gov.br\" target=\"_blank\" rel=\"noopener\">site<\/a>. O atendimento tamb\u00e9m est\u00e1 dispon\u00edvel pelo telefone 135, de segunda a s\u00e1bado, das 7h \u00e0s 22h.<\/p>\n","protected":false},"excerpt":{"rendered":"<p>O INSS de setembro come\u00e7a a ser pago no dia 24 de setembro para os benefici\u00e1rios que recebem at\u00e9 um sal\u00e1rio m\u00ednimo, com encerramento em 7 de outubro. Para quem recebe acima do piso nacional, os pagamentos come\u00e7am em 1\u00ba de outubro e tamb\u00e9m se encerram em 7 de outubro. O calend\u00e1rio leva em conta [&hellip;]<\/p>\n","protected":false},"author":3,"featured_media":2788,"comment_status":"closed","ping_status":"open","sticky":false,"template":"","format":"standard","meta":{"_acf_changed":false,"footnotes":""},"categories":[9],"tags":[],"class_list":["post-8189","post","type-post","status-publish","format-standard","has-post-thumbnail","hentry","category-economia"],"acf":{"subtitulo":"Pagamentos para quem recebe at\u00e9 um sal\u00e1rio m\u00ednimo come\u00e7am em 24 de setembro; benefici\u00e1rios acima do piso s\u00f3 recebem a partir de 1\u00ba de outubro","oculta_home":false,"leitura_rapida":""},"_links":{"self":[{"href":"https:\/\/diariodocomercio.com.br\/geral\/wp-json\/wp\/v2\/posts\/8189","targetHints":{"allow":["GET"]}}],"collection":[{"href":"https:\/\/diariodocomercio.com.br\/geral\/wp-json\/wp\/v2\/posts"}],"about":[{"href":"https:\/\/diariodocomercio.com.br\/geral\/wp-json\/wp\/v2\/types\/post"}],"author":[{"embeddable":true,"href":"https:\/\/diariodocomercio.com.br\/geral\/wp-json\/wp\/v2\/users\/3"}],"replies":[{"embeddable":true,"href":"https:\/\/diariodocomercio.com.br\/geral\/wp-json\/wp\/v2\/comments?post=8189"}],"version-history":[{"count":1,"href":"https:\/\/diariodocomercio.com.br\/geral\/wp-json\/wp\/v2\/posts\/8189\/revisions"}],"predecessor-version":[{"id":8190,"href":"https:\/\/diariodocomercio.com.br\/geral\/wp-json\/wp\/v2\/posts\/8189\/revisions\/8190"}],"wp:featuredmedia":[{"embeddable":true,"href":"https:\/\/diariodocomercio.com.br\/geral\/wp-json\/wp\/v2\/media\/2788"}],"wp:attachment":[{"href":"https:\/\/diariodocomercio.com.br\/geral\/wp-json\/wp\/v2\/media?parent=8189"}],"wp:term":[{"taxonomy":"category","embeddable":true,"href":"https:\/\/diariodocomercio.com.br\/geral\/wp-json\/wp\/v2\/categories?post=8189"},{"taxonomy":"post_tag","embeddable":true,"href":"https:\/\/diariodocomercio.com.br\/geral\/wp-json\/wp\/v2\/tags?post=8189"}],"curies":[{"name":"wp","href":"https:\/\/api.w.org\/{rel}","templated":true}]}}