{"id":8194,"date":"2026-09-02T09:30:00","date_gmt":"2026-09-02T12:30:00","guid":{"rendered":"https:\/\/diariodocomercio.com.br\/geral\/?p=8194"},"modified":"2026-09-02T09:26:01","modified_gmt":"2026-09-02T12:26:01","slug":"contrabando-de-migrantes","status":"publish","type":"post","link":"https:\/\/diariodocomercio.com.br\/geral\/contrabando-de-migrantes\/","title":{"rendered":"PF combate contrabando de migrantes rumo aos EUA em MG"},"content":{"rendered":"\n<p class=\"wp-block-paragraph\">A Pol\u00edcia Federal deflagrou nesta quarta-feira (2\/9) a Opera\u00e7\u00e3o Chiapas, voltada ao combate ao contrabando de migrantes em Governador Valadares, no Vale do Rio Doce. <\/p>\n\n\n\n<p class=\"wp-block-paragraph\">O investigado \u00e9 apontado como respons\u00e1vel pelo envio ilegal de mais de 230 brasileiros aos Estados Unidos entre 2021 e 2024, usando uma rota que passava pela Am\u00e9rica Central antes da entrada irregular em territ\u00f3rio americano.<\/p>\n\n\n\n<p class=\"wp-block-paragraph\">Foram cumpridos 13 mandados de busca e apreens\u00e3o, sendo nove deles voltados especificamente \u00e0 apreens\u00e3o de ve\u00edculos que j\u00e1 estavam sob sequestro judicial. <\/p>\n\n\n\n<p class=\"wp-block-paragraph\">A Justi\u00e7a tamb\u00e9m autorizou o bloqueio de at\u00e9 R$ 24,3 milh\u00f5es em bens e valores ligados ao esquema. Durante a a\u00e7\u00e3o, um homem foi preso em flagrante por posse e porte ilegal de arma de fogo, e a equipe apreendeu documentos e aparelhos de telefone celular que agora passam por per\u00edcia.<\/p>\n\n\n\n<p class=\"wp-block-paragraph\">Segundo a investiga\u00e7\u00e3o, o esquema n\u00e3o se limitava a levar os migrantes at\u00e9 a fronteira. O suspeito organizava toda a log\u00edstica da viagem, desde a sa\u00edda do Brasil por via a\u00e9rea at\u00e9 a entrada irregular nos Estados Unidos, passando por pa\u00edses como Panam\u00e1 e M\u00e9xico. <\/p>\n\n\n\n<p class=\"wp-block-paragraph\">Para movimentar o dinheiro recebido dos migrantes, a organiza\u00e7\u00e3o tamb\u00e9m recorria a empresas de fachada e mecanismos de lavagem, dificultando o rastreamento da origem dos valores.<\/p>\n\n\n\n<h2 class=\"wp-block-heading\">Por que Governador Valadares \u00e9 alvo recorrente desse tipo de esquema<\/h2>\n\n\n\n<p class=\"wp-block-paragraph\">Governador Valadares carrega, h\u00e1 d\u00e9cadas, uma forte tradi\u00e7\u00e3o de emigra\u00e7\u00e3o para os Estados Unidos, o que tornou a cidade um polo conhecido de organiza\u00e7\u00f5es dedicadas ao contrabando de migrantes. <\/p>\n\n\n\n<p class=\"wp-block-paragraph\">Nos \u00faltimos anos, a Pol\u00edcia Federal j\u00e1 realizou diversas opera\u00e7\u00f5es na regi\u00e3o com o mesmo objetivo, incluindo casos em que grupos criminosos chegaram a agenciar centenas de pessoas de uma s\u00f3 vez, sempre usando rotas semelhantes que passam pela Am\u00e9rica Central antes de tentar a travessia da fronteira dos Estados Unidos.<\/p>\n\n\n\n<p class=\"wp-block-paragraph\">Esses esquemas costumam cobrar valores elevados de cada fam\u00edlia interessada em migrar, muitas vezes recebendo o pagamento em ve\u00edculos, im\u00f3veis ou outros bens quando o dinheiro em esp\u00e9cie n\u00e3o est\u00e1 dispon\u00edvel. <\/p>\n\n\n\n<p class=\"wp-block-paragraph\">Em troca, os organizadores prometem cuidar de toda a parte burocr\u00e1tica e log\u00edstica da viagem, incluindo passagens, hospedagem e, em alguns casos, at\u00e9 a falsifica\u00e7\u00e3o de documentos para simular a condi\u00e7\u00e3o de turista durante o trajeto.<\/p>\n\n\n\n<h2 class=\"wp-block-heading\">Os riscos por tr\u00e1s do contrabando de migrantes<\/h2>\n\n\n\n<p class=\"wp-block-paragraph\">Al\u00e9m do preju\u00edzo financeiro, fam\u00edlias que recorrem a esse tipo de esquema ficam expostas a riscos graves durante o trajeto, j\u00e1 que a travessia irregular pela Am\u00e9rica Central e pela fronteira dos Estados Unidos costuma envolver trechos percorridos a p\u00e9, em condi\u00e7\u00f5es prec\u00e1rias e sem qualquer estrutura de seguran\u00e7a. <\/p>\n\n\n\n<p class=\"wp-block-paragraph\">H\u00e1 relatos frequentes de migrantes que sofrem viol\u00eancia, extors\u00e3o ou acidentes durante esse percurso, muitas vezes sem conseguir acionar ajuda pela pr\u00f3pria situa\u00e7\u00e3o de irregularidade em que se encontram.<\/p>\n\n\n\n<p class=\"wp-block-paragraph\">O uso de empresas de fachada para lavagem de dinheiro, identificado tamb\u00e9m na Opera\u00e7\u00e3o Chiapas, \u00e9 outro ponto de aten\u00e7\u00e3o recorrente nesses esquemas, j\u00e1 que permite aos organizadores movimentar grandes quantias sem levantar suspeitas imediatas junto aos \u00f3rg\u00e3os de fiscaliza\u00e7\u00e3o financeira.<\/p>\n\n\n\n<h2 class=\"wp-block-heading\">Combate ao crime organizado segue como prioridade<\/h2>\n\n\n\n<p class=\"wp-block-paragraph\">Casos como o da Opera\u00e7\u00e3o Chiapas refor\u00e7am a atua\u00e7\u00e3o cont\u00ednua da <a href=\"https:\/\/www.gov.br\/pf\/pt-br\" target=\"_blank\" rel=\"noreferrer noopener\">Pol\u00edcia Federal<\/a> contra o tr\u00e1fico de pessoas e o contrabando de migrantes na regi\u00e3o de Governador Valadares, \u00e1rea que concentra parte significativa das investiga\u00e7\u00f5es desse tipo no pa\u00eds. <\/p>\n\n\n\n<p class=\"wp-block-paragraph\">A expectativa \u00e9 que a an\u00e1lise dos documentos e telefones apreendidos ajude a identificar outros envolvidos no esquema, al\u00e9m de reunir mais provas sobre o volume de dinheiro movimentado e o n\u00famero real de v\u00edtimas ao longo dos anos em que o suspeito teria atuado.<\/p>\n\n\n\n<p class=\"wp-block-paragraph\">A investiga\u00e7\u00e3o segue em andamento, e novas fases da opera\u00e7\u00e3o podem ser deflagradas conforme o avan\u00e7o da an\u00e1lise do material apreendido nesta quarta-feira.<\/p>\n\n\n\n<p class=\"wp-block-paragraph\">Casos anteriores investigados na mesma regi\u00e3o mostram que esquemas de contrabando de migrantes costumam funcionar de forma dividida em n\u00facleos, cada um respons\u00e1vel por uma etapa espec\u00edfica, como capta\u00e7\u00e3o de interessados, compra de passagens, reserva de hot\u00e9is e movimenta\u00e7\u00e3o financeira. <\/p>\n\n\n\n<p class=\"wp-block-paragraph\">Esse tipo de estrutura dificulta a identifica\u00e7\u00e3o de todos os envolvidos logo na primeira fase de uma investiga\u00e7\u00e3o, o que explica por que opera\u00e7\u00f5es como a Chiapas costumam se desdobrar em novas etapas ao longo dos meses seguintes.<\/p>\n","protected":false},"excerpt":{"rendered":"<p>A Pol\u00edcia Federal deflagrou nesta quarta-feira (2\/9) a Opera\u00e7\u00e3o Chiapas, voltada ao combate ao contrabando de migrantes em Governador Valadares, no Vale do Rio Doce. O investigado \u00e9 apontado como respons\u00e1vel pelo envio ilegal de mais de 230 brasileiros aos Estados Unidos entre 2021 e 2024, usando uma rota que passava pela Am\u00e9rica Central antes [&hellip;]<\/p>\n","protected":false},"author":5,"featured_media":8197,"comment_status":"closed","ping_status":"open","sticky":false,"template":"","format":"standard","meta":{"_acf_changed":false,"footnotes":""},"categories":[1],"tags":[],"class_list":["post-8194","post","type-post","status-publish","format-standard","has-post-thumbnail","hentry","category-geral"],"acf":{"subtitulo":"Opera\u00e7\u00e3o Chiapas mira suspeito de enviar mais de 230 brasileiros aos Estados Unidos e resulta em bloqueio de R$ 24,3 milh\u00f5es.","oculta_home":false,"leitura_rapida":""},"_links":{"self":[{"href":"https:\/\/diariodocomercio.com.br\/geral\/wp-json\/wp\/v2\/posts\/8194","targetHints":{"allow":["GET"]}}],"collection":[{"href":"https:\/\/diariodocomercio.com.br\/geral\/wp-json\/wp\/v2\/posts"}],"about":[{"href":"https:\/\/diariodocomercio.com.br\/geral\/wp-json\/wp\/v2\/types\/post"}],"author":[{"embeddable":true,"href":"https:\/\/diariodocomercio.com.br\/geral\/wp-json\/wp\/v2\/users\/5"}],"replies":[{"embeddable":true,"href":"https:\/\/diariodocomercio.com.br\/geral\/wp-json\/wp\/v2\/comments?post=8194"}],"version-history":[{"count":4,"href":"https:\/\/diariodocomercio.com.br\/geral\/wp-json\/wp\/v2\/posts\/8194\/revisions"}],"predecessor-version":[{"id":8199,"href":"https:\/\/diariodocomercio.com.br\/geral\/wp-json\/wp\/v2\/posts\/8194\/revisions\/8199"}],"wp:featuredmedia":[{"embeddable":true,"href":"https:\/\/diariodocomercio.com.br\/geral\/wp-json\/wp\/v2\/media\/8197"}],"wp:attachment":[{"href":"https:\/\/diariodocomercio.com.br\/geral\/wp-json\/wp\/v2\/media?parent=8194"}],"wp:term":[{"taxonomy":"category","embeddable":true,"href":"https:\/\/diariodocomercio.com.br\/geral\/wp-json\/wp\/v2\/categories?post=8194"},{"taxonomy":"post_tag","embeddable":true,"href":"https:\/\/diariodocomercio.com.br\/geral\/wp-json\/wp\/v2\/tags?post=8194"}],"curies":[{"name":"wp","href":"https:\/\/api.w.org\/{rel}","templated":true}]}}