{"id":8200,"date":"2026-09-02T10:15:00","date_gmt":"2026-09-02T13:15:00","guid":{"rendered":"https:\/\/diariodocomercio.com.br\/geral\/?p=8200"},"modified":"2026-09-02T09:50:16","modified_gmt":"2026-09-02T12:50:16","slug":"agua-mineral","status":"publish","type":"post","link":"https:\/\/diariodocomercio.com.br\/geral\/agua-mineral\/","title":{"rendered":"Anvisa tira \u00e1gua mineral de circula\u00e7\u00e3o; entenda os riscos"},"content":{"rendered":"\n<p class=\"wp-block-paragraph\">A Ag\u00eancia Nacional de Vigil\u00e2ncia Sanit\u00e1ria (<a href=\"https:\/\/www.gov.br\/anvisa\/pt-br\" target=\"_blank\" rel=\"noreferrer noopener\">Anvisa<\/a>) pediu nessa quarta-feira (2\/9) a interdi\u00e7\u00e3o cautelar de um lote da \u00e1gua mineral Vitoriosa, especificamente sem g\u00e1s. Ap\u00f3s um teste de qualidade, foram encontrados coliformes totais no produto. <\/p>\n\n\n\n<p class=\"wp-block-paragraph\">A medida foi publicada na Resolu\u00e7\u00e3o-RE n\u00ba 3.441\/2026, no Di\u00e1rio Oficial da Uni\u00e3o. Assim, foi suspensa a comercializa\u00e7\u00e3o e o consumo da \u00e1gua mineral at\u00e9 que a Anvisa conclua sua investiga\u00e7\u00e3o do caso.<\/p>\n\n\n\n<p class=\"wp-block-paragraph\">A an\u00e1lise que motivou essa decis\u00e3o foi feita no Laborat\u00f3rio Central de Sa\u00fade P\u00fablica Noel Nutels, no Rio de Janeiro, usando uma amostra de 250 ml do produto. O resultado apresentou coliformes totais, um grupo de bact\u00e9rias que indica falha em algum ponto de processo de capta\u00e7\u00e3o, tratamento ou envase quando encontrado em uma \u00e1gua engarrafada.<\/p>\n\n\n\n<p class=\"wp-block-paragraph\">A interdi\u00e7\u00e3o \u00e9 especifica ao lote 110426L5, que foi fabricado pela GEPF Agro Ind\u00fastria Ltda, empresa sediada no interior do Rio de Janeiro. Por\u00e9m, a medida \u00e9 cautelar, ou seja, apenas preventiva. <\/p>\n\n\n\n<p class=\"wp-block-paragraph\">Mesmo assim, a Anvisa optou em retirar o produto de circula\u00e7\u00e3o at\u00e9 que seja avaliado a extens\u00e3o do problema, sem que isso represente, at\u00e9 o momento, uma confirma\u00e7\u00e3o de contamina\u00e7\u00e3o em todo volume produzido pela marca.<\/p>\n\n\n\n<h2 class=\"wp-block-heading\">O que significa a presen\u00e7a de coliformes na \u00e1gua mineral<\/h2>\n\n\n\n<p class=\"wp-block-paragraph\">Coliformes totais s\u00e3o um grupo de bact\u00e9rias usado como indicador de qualidade quando \u00e9 realizada a an\u00e1lise de \u00e1gua engarrafada. <\/p>\n\n\n\n<p class=\"wp-block-paragraph\">A presen\u00e7a dessas bact\u00e9rias n\u00e3o significa que exista um pat\u00f3geno perigoso na amostra, mas serve como sinal de alerta. Isso pode significar que o processo de higieniza\u00e7\u00e3o, envase ou armazenamento possa ter falhado em algum momento.<\/p>\n\n\n\n<p class=\"wp-block-paragraph\">Por isso, ag\u00eancias como a Anvisa tratam esse resultado de forma s\u00e9ria o suficiente para agir de maneira preventiva, com suspens\u00e3o de vendas at\u00e9 que o risco seja descartado ou n\u00e3o.<\/p>\n\n\n\n<p class=\"wp-block-paragraph\">Em \u00e1gua engarrafada, esse tipo de contamina\u00e7\u00e3o preocupa mais quando o consumo \u00e9 feito por crian\u00e7as, idosos, gestantes ou pessoas que possuem sistema imunol\u00f3gico mais fragilizado. Esses grupos sofrem mais impacto de poss\u00edveis quadros gastrointestinais causados por \u00e1gua impr\u00f3pria para o consumo humano.<\/p>\n\n\n\n<h2 class=\"wp-block-heading\">Onde a \u00e1gua mineral Vitoriosa circula em Minas Gerais<\/h2>\n\n\n\n<p class=\"wp-block-paragraph\">A f\u00e1brica respons\u00e1vel pelo lote fica no interior fluminense, pr\u00f3xima \u00e0 divisa com Minas Gerais. Ou seja, sua distribui\u00e7\u00e3o no estado de MG acaba sendo principalmente para munic\u00edpios que ficam na fronteira com o Rio de Janeiro, j\u00e1 que esse tipo de distribui\u00e7\u00e3o regional costuma avan\u00e7ar naturalmente por cidades vizinhas ao estado de origem.<\/p>\n\n\n\n<p class=\"wp-block-paragraph\">Por isso, moradores de cidades mineiras perto \u00e0 divisa do RJ precisam de aten\u00e7\u00e3o redobrada ao verificar embalagens da marca em mercados, padarias e distribuidoras locais. O ideal \u00e9 conferir se o lote corresponde ao que est\u00e1 sob interdi\u00e7\u00e3o, identificado como 110426L5.<\/p>\n\n\n\n<p class=\"wp-block-paragraph\">Vale lembrar que estabelecimentos tamb\u00e9m possuem responsabilidade nesse processo. Assim que determinado a suspens\u00e3o de vendas, \u00e9 necess\u00e1rio que esses produtos sejam retirados imediatamente das prateleiras at\u00e9 que a Anvisa fa\u00e7a a an\u00e1lise completa da situa\u00e7\u00e3o.<\/p>\n\n\n\n<p class=\"wp-block-paragraph\">Casos de interdi\u00e7\u00e3o cautelar como esse normalmente s\u00e3o resolvidos em poucas semanas. Esse tempo \u00e9 suficiente para an\u00e1lise em laborat\u00f3rio usando novas amostradas. At\u00e9 l\u00e1, o ideal \u00e9 manter aten\u00e7\u00e3o redobrada.<\/p>\n","protected":false},"excerpt":{"rendered":"<p>A Ag\u00eancia Nacional de Vigil\u00e2ncia Sanit\u00e1ria (Anvisa) pediu nessa quarta-feira (2\/9) a interdi\u00e7\u00e3o cautelar de um lote da \u00e1gua mineral Vitoriosa, especificamente sem g\u00e1s. Ap\u00f3s um teste de qualidade, foram encontrados coliformes totais no produto. A medida foi publicada na Resolu\u00e7\u00e3o-RE n\u00ba 3.441\/2026, no Di\u00e1rio Oficial da Uni\u00e3o. Assim, foi suspensa a comercializa\u00e7\u00e3o e o [&hellip;]<\/p>\n","protected":false},"author":5,"featured_media":8203,"comment_status":"closed","ping_status":"open","sticky":false,"template":"","format":"standard","meta":{"_acf_changed":false,"footnotes":""},"categories":[1],"tags":[],"class_list":["post-8200","post","type-post","status-publish","format-standard","has-post-thumbnail","hentry","category-geral"],"acf":{"subtitulo":"Teste do Laborat\u00f3rio Noel Nutels encontrou coliformes em amostra do produto, que tem distribui\u00e7\u00e3o concentrada perto da divisa entre RJ e MG.","oculta_home":false,"leitura_rapida":""},"_links":{"self":[{"href":"https:\/\/diariodocomercio.com.br\/geral\/wp-json\/wp\/v2\/posts\/8200","targetHints":{"allow":["GET"]}}],"collection":[{"href":"https:\/\/diariodocomercio.com.br\/geral\/wp-json\/wp\/v2\/posts"}],"about":[{"href":"https:\/\/diariodocomercio.com.br\/geral\/wp-json\/wp\/v2\/types\/post"}],"author":[{"embeddable":true,"href":"https:\/\/diariodocomercio.com.br\/geral\/wp-json\/wp\/v2\/users\/5"}],"replies":[{"embeddable":true,"href":"https:\/\/diariodocomercio.com.br\/geral\/wp-json\/wp\/v2\/comments?post=8200"}],"version-history":[{"count":6,"href":"https:\/\/diariodocomercio.com.br\/geral\/wp-json\/wp\/v2\/posts\/8200\/revisions"}],"predecessor-version":[{"id":8209,"href":"https:\/\/diariodocomercio.com.br\/geral\/wp-json\/wp\/v2\/posts\/8200\/revisions\/8209"}],"wp:featuredmedia":[{"embeddable":true,"href":"https:\/\/diariodocomercio.com.br\/geral\/wp-json\/wp\/v2\/media\/8203"}],"wp:attachment":[{"href":"https:\/\/diariodocomercio.com.br\/geral\/wp-json\/wp\/v2\/media?parent=8200"}],"wp:term":[{"taxonomy":"category","embeddable":true,"href":"https:\/\/diariodocomercio.com.br\/geral\/wp-json\/wp\/v2\/categories?post=8200"},{"taxonomy":"post_tag","embeddable":true,"href":"https:\/\/diariodocomercio.com.br\/geral\/wp-json\/wp\/v2\/tags?post=8200"}],"curies":[{"name":"wp","href":"https:\/\/api.w.org\/{rel}","templated":true}]}}