{"id":8210,"date":"2026-09-02T10:30:00","date_gmt":"2026-09-02T13:30:00","guid":{"rendered":"https:\/\/diariodocomercio.com.br\/geral\/?p=8210"},"modified":"2026-09-02T10:04:07","modified_gmt":"2026-09-02T13:04:07","slug":"anvisa-paralisa-fabricacao-unilever","status":"publish","type":"post","link":"https:\/\/diariodocomercio.com.br\/geral\/anvisa-paralisa-fabricacao-unilever\/","title":{"rendered":"Anvisa paralisa produ\u00e7\u00e3o na Unilever, fabricante de Omo, Comfort e Cif; entenda"},"content":{"rendered":"\n<p class=\"wp-block-paragraph\">A <a href=\"https:\/\/www.gov.br\/anvisa\/pt-br\" target=\"_blank\" rel=\"noopener\">Ag\u00eancia Nacional de Vigil\u00e2ncia Sanit\u00e1ria (Anvisa)<\/a> determinou nesta quarta-feira (2) a suspens\u00e3o da linha de saneantes da Unilever, ap\u00f3s uma vistoria conjunta identificar tr\u00eas falhas nas Boas Pr\u00e1ticas de Fabrica\u00e7\u00e3o (BPF). A medida \u00e9 preventiva, por isso, os produtos j\u00e1 no mercado seguem liberados e n\u00e3o ser\u00e3o recolhidos.<\/p>\n\n\n\n<p class=\"wp-block-paragraph\">Entre 24 e 28 de agosto, equipes da Anvisa, do Centro de Vigil\u00e2ncia Sanit\u00e1ria de S\u00e3o Paulo e da Vigil\u00e2ncia Sanit\u00e1ria de Vinhedo percorreram a f\u00e1brica da empresa em Vinhedo (SP). A vistoria identificou falhas nos controles de qualidade da produ\u00e7\u00e3o e na libera\u00e7\u00e3o dos produtos para o mercado, irregularidades no tratamento da \u00e1gua usada na linha e problemas na forma como a empresa identificava e corrigia seus pr\u00f3prios erros.<\/p>\n\n\n\n<h2 class=\"wp-block-heading\"><strong>Sab\u00e3o l\u00edquido e amaciante seguem liberados para uso<\/strong><\/h2>\n\n\n\n<p class=\"wp-block-paragraph\">A suspens\u00e3o afeta as linhas de sab\u00e3o l\u00edquido e amaciante para roupas. Segundo a ag\u00eancia, os produtos j\u00e1 em circula\u00e7\u00e3o n\u00e3o apresentam ind\u00edcio de contamina\u00e7\u00e3o ou problemas de seguran\u00e7a. O ato publicado no Di\u00e1rio Oficial se aplica apenas \u00e0 produ\u00e7\u00e3o de novos lotes na unidade.<\/p>\n\n\n\n<p class=\"wp-block-paragraph\">Em nota, a Unilever informou que as linhas foram paralisadas para implementa\u00e7\u00e3o das melhorias identificadas e que os demais setores da f\u00e1brica seguem em opera\u00e7\u00e3o.<\/p>\n\n\n\n<h2 class=\"wp-block-heading\"><strong>Unilever \u00e9 alvo da 7\u00aa fiscaliza\u00e7\u00e3o da Anvisa em saneantes em 2026<\/strong><\/h2>\n\n\n\n<p class=\"wp-block-paragraph\">A vistoria em Vinhedo integra uma opera\u00e7\u00e3o mais ampla da Anvisa no segmento de saneantes, categoria que re\u00fane <a href=\"https:\/\/diariodocomercio.com.br\/geral\/produtos-de-limpeza-proibidos-pela-anvisa\/\">produtos voltados \u00e0 limpeza<\/a>, desinfec\u00e7\u00e3o e conserva\u00e7\u00e3o de ambientes. Em 2026, a ag\u00eancia j\u00e1 concluiu sete fiscaliza\u00e7\u00f5es no setor, metade delas em grandes companhias do segmento. O objetivo \u00e9 auditar o cumprimento das BPF e avaliar se os produtos chegam ao consumidor dentro dos padr\u00f5es exigidos pela regula\u00e7\u00e3o.<\/p>\n","protected":false},"excerpt":{"rendered":"<p>A Ag\u00eancia Nacional de Vigil\u00e2ncia Sanit\u00e1ria (Anvisa) determinou nesta quarta-feira (2) a suspens\u00e3o da linha de saneantes da Unilever, ap\u00f3s uma vistoria conjunta identificar tr\u00eas falhas nas Boas Pr\u00e1ticas de Fabrica\u00e7\u00e3o (BPF). A medida \u00e9 preventiva, por isso, os produtos j\u00e1 no mercado seguem liberados e n\u00e3o ser\u00e3o recolhidos. Entre 24 e 28 de agosto, [&hellip;]<\/p>\n","protected":false},"author":4,"featured_media":8214,"comment_status":"closed","ping_status":"open","sticky":false,"template":"","format":"standard","meta":{"_acf_changed":false,"footnotes":""},"categories":[9,1],"tags":[],"class_list":["post-8210","post","type-post","status-publish","format-standard","has-post-thumbnail","hentry","category-economia","category-geral"],"acf":{"subtitulo":"Vistoria identificou tr\u00eas falhas na f\u00e1brica de Vinhedo, mas produtos j\u00e1 nas prateleiras seguem liberados para uso","oculta_home":false,"leitura_rapida":""},"_links":{"self":[{"href":"https:\/\/diariodocomercio.com.br\/geral\/wp-json\/wp\/v2\/posts\/8210","targetHints":{"allow":["GET"]}}],"collection":[{"href":"https:\/\/diariodocomercio.com.br\/geral\/wp-json\/wp\/v2\/posts"}],"about":[{"href":"https:\/\/diariodocomercio.com.br\/geral\/wp-json\/wp\/v2\/types\/post"}],"author":[{"embeddable":true,"href":"https:\/\/diariodocomercio.com.br\/geral\/wp-json\/wp\/v2\/users\/4"}],"replies":[{"embeddable":true,"href":"https:\/\/diariodocomercio.com.br\/geral\/wp-json\/wp\/v2\/comments?post=8210"}],"version-history":[{"count":4,"href":"https:\/\/diariodocomercio.com.br\/geral\/wp-json\/wp\/v2\/posts\/8210\/revisions"}],"predecessor-version":[{"id":8215,"href":"https:\/\/diariodocomercio.com.br\/geral\/wp-json\/wp\/v2\/posts\/8210\/revisions\/8215"}],"wp:featuredmedia":[{"embeddable":true,"href":"https:\/\/diariodocomercio.com.br\/geral\/wp-json\/wp\/v2\/media\/8214"}],"wp:attachment":[{"href":"https:\/\/diariodocomercio.com.br\/geral\/wp-json\/wp\/v2\/media?parent=8210"}],"wp:term":[{"taxonomy":"category","embeddable":true,"href":"https:\/\/diariodocomercio.com.br\/geral\/wp-json\/wp\/v2\/categories?post=8210"},{"taxonomy":"post_tag","embeddable":true,"href":"https:\/\/diariodocomercio.com.br\/geral\/wp-json\/wp\/v2\/tags?post=8210"}],"curies":[{"name":"wp","href":"https:\/\/api.w.org\/{rel}","templated":true}]}}