{"id":8216,"date":"2026-09-02T10:45:00","date_gmt":"2026-09-02T13:45:00","guid":{"rendered":"https:\/\/diariodocomercio.com.br\/geral\/?p=8216"},"modified":"2026-09-02T10:45:10","modified_gmt":"2026-09-02T13:45:10","slug":"magalu-e-mercado-livre-fecham-acordo","status":"publish","type":"post","link":"https:\/\/diariodocomercio.com.br\/geral\/magalu-e-mercado-livre-fecham-acordo\/","title":{"rendered":"Ap\u00f3s queda nas vendas online, Magalu aposta no Mercado Livre para crescer"},"content":{"rendered":"\n<p class=\"wp-block-paragraph\">O Magalu e o Mercado Livre anunciaram nesta quarta-feira (2) uma parceria comercial que coloca cerca de 27 mil produtos do grupo varejista \u00e0 venda no Meli.<\/p>\n\n\n\n<p class=\"wp-block-paragraph\">O cat\u00e1logo est\u00e1 dividido em tr\u00eas marcas: Magazine Luiza, com eletroeletr\u00f4nicos e m\u00f3veis; KaBuM!, com games e inform\u00e1tica; e \u00c9poca Cosm\u00e9ticos, com beleza e perfumaria. Todos os itens s\u00e3o vendidos diretamente do estoque do grupo, sem intermedi\u00e1rios.<\/p>\n\n\n\n<p class=\"wp-block-paragraph\">A opera\u00e7\u00e3o log\u00edstica fica por conta do Magalog, bra\u00e7o de entregas do Magalu, respons\u00e1vel por todos os envios aos clientes do Mercado Livre, incluindo itens acima de 30 quilos, como fog\u00f5es, geladeiras e m\u00f3veis. As lojas f\u00edsicas do Magalu tamb\u00e9m podem funcionar como pontos de retirada e devolu\u00e7\u00e3o para pedidos de outros vendedores dentro da plataforma.<\/p>\n\n\n\n<h2 class=\"wp-block-heading\"><strong>Magalu fecha acordo ap\u00f3s queda no e-commerce pr\u00f3prio&nbsp;<\/strong><\/h2>\n\n\n\n<p class=\"wp-block-paragraph\">No segundo trimestre de 2026, o e-commerce pr\u00f3prio do grupo caiu 11,9% em compara\u00e7\u00e3o com o mesmo per\u00edodo de 2025, enquanto as lojas f\u00edsicas cresceram 10,3%. As vendas totais chegaram a R$ 14,5 bilh\u00f5es no trimestre.<\/p>\n\n\n\n<p class=\"wp-block-paragraph\">&#8220;A audi\u00eancia do e-commerce brasileiro est\u00e1 cada vez mais pulverizada, com v\u00e1rias plataformas disputando a aten\u00e7\u00e3o dos clientes&#8221;, afirmou Frederico Trajano, CEO do Magalu, em comunicado divulgado pelas empresas. Segundo ele, usar plataformas parceiras como canal de distribui\u00e7\u00e3o \u00e9 a estrat\u00e9gia escolhida pelo grupo para crescer online de forma rent\u00e1vel no curto prazo. Os canais digitais pr\u00f3prios somam cerca de 50 milh\u00f5es de clientes.<\/p>\n\n\n\n<p class=\"wp-block-paragraph\">Do lado do Mercado Livre, Fernando Yunes, vice-presidente executivo para a Am\u00e9rica Latina, disse ao Canaltech que a entrada do Magalu na plataforma vai ampliar o leque de itens e marcas dispon\u00edveis para os consumidores brasileiros.<\/p>\n\n\n\n<p class=\"wp-block-paragraph\">O Mercado Livre se junta a uma lista que j\u00e1 inclu\u00eda Amazon, AliExpress, Americanas, Ita\u00fa Shopping e Livelo como marketplaces parceiros do grupo. Com todas as frentes somadas, a varejista afirma liderar as vendas nacionais de produtos com estoque pr\u00f3prio.<\/p>\n","protected":false},"excerpt":{"rendered":"<p>O Magalu e o Mercado Livre anunciaram nesta quarta-feira (2) uma parceria comercial que coloca cerca de 27 mil produtos do grupo varejista \u00e0 venda no Meli. O cat\u00e1logo est\u00e1 dividido em tr\u00eas marcas: Magazine Luiza, com eletroeletr\u00f4nicos e m\u00f3veis; KaBuM!, com games e inform\u00e1tica; e \u00c9poca Cosm\u00e9ticos, com beleza e perfumaria. Todos os itens [&hellip;]<\/p>\n","protected":false},"author":4,"featured_media":8218,"comment_status":"closed","ping_status":"open","sticky":false,"template":"","format":"standard","meta":{"_acf_changed":false,"footnotes":""},"categories":[9],"tags":[],"class_list":["post-8216","post","type-post","status-publish","format-standard","has-post-thumbnail","hentry","category-economia"],"acf":{"subtitulo":"27 mil produtos do Magalu chegam ao Meli, de eletroeletr\u00f4nicos a cosm\u00e9ticos, vendidos direto do estoque do grupo","oculta_home":false,"leitura_rapida":""},"_links":{"self":[{"href":"https:\/\/diariodocomercio.com.br\/geral\/wp-json\/wp\/v2\/posts\/8216","targetHints":{"allow":["GET"]}}],"collection":[{"href":"https:\/\/diariodocomercio.com.br\/geral\/wp-json\/wp\/v2\/posts"}],"about":[{"href":"https:\/\/diariodocomercio.com.br\/geral\/wp-json\/wp\/v2\/types\/post"}],"author":[{"embeddable":true,"href":"https:\/\/diariodocomercio.com.br\/geral\/wp-json\/wp\/v2\/users\/4"}],"replies":[{"embeddable":true,"href":"https:\/\/diariodocomercio.com.br\/geral\/wp-json\/wp\/v2\/comments?post=8216"}],"version-history":[{"count":3,"href":"https:\/\/diariodocomercio.com.br\/geral\/wp-json\/wp\/v2\/posts\/8216\/revisions"}],"predecessor-version":[{"id":8220,"href":"https:\/\/diariodocomercio.com.br\/geral\/wp-json\/wp\/v2\/posts\/8216\/revisions\/8220"}],"wp:featuredmedia":[{"embeddable":true,"href":"https:\/\/diariodocomercio.com.br\/geral\/wp-json\/wp\/v2\/media\/8218"}],"wp:attachment":[{"href":"https:\/\/diariodocomercio.com.br\/geral\/wp-json\/wp\/v2\/media?parent=8216"}],"wp:term":[{"taxonomy":"category","embeddable":true,"href":"https:\/\/diariodocomercio.com.br\/geral\/wp-json\/wp\/v2\/categories?post=8216"},{"taxonomy":"post_tag","embeddable":true,"href":"https:\/\/diariodocomercio.com.br\/geral\/wp-json\/wp\/v2\/tags?post=8216"}],"curies":[{"name":"wp","href":"https:\/\/api.w.org\/{rel}","templated":true}]}}