{"id":8227,"date":"2026-09-02T12:30:00","date_gmt":"2026-09-02T15:30:00","guid":{"rendered":"https:\/\/diariodocomercio.com.br\/geral\/?p=8227"},"modified":"2026-09-02T11:35:33","modified_gmt":"2026-09-02T14:35:33","slug":"fiscal-de-prova-do-enem-2026","status":"publish","type":"post","link":"https:\/\/diariodocomercio.com.br\/geral\/fiscal-de-prova-do-enem-2026\/","title":{"rendered":"Inep abre sele\u00e7\u00e3o para fiscal de prova do Enem 2026; veja como participar"},"content":{"rendered":"\n<p class=\"wp-block-paragraph\">Se voc\u00ea busca uma renda extra, pode ter uma nova chance com a sele\u00e7\u00e3o de fiscal de prova do Enem 2026. O exame anual mobiliza o pa\u00eds, precisando de uma estrutura enorme para ocorrer de acordo com esperado. Por isso, diferentes posi\u00e7\u00f5es remuneradas, entre elas fiscais, aplicadores, monitores, chefes de sala e profissionais de apoio, s\u00e3o abertas para o per\u00edodo da prova.<\/p>\n\n\n\n<p class=\"wp-block-paragraph\">Os pagamentos podem variar bastante conforme a atividade. Algumas di\u00e1rias chegam a at\u00e9 R$ 510, enquanto fiscais que atuam direto com o Inep em demandas excepcionais podem receber o valo de R$ 864 por dia.<\/p>\n\n\n\n<p class=\"wp-block-paragraph\">A principal novidade para 2026 foi a cria\u00e7\u00e3o da Rede de Interlocutores Escolares (RIE), que foi institu\u00edda pelo Inep por meio da Portaria n\u00ba 429. Essa estrutura vai reunir professores efeitovs das redes estaduais e do Distrito Federal para apoiar a organiza\u00e7\u00e3o das escolas usadas na prova. <\/p>\n\n\n\n<p class=\"wp-block-paragraph\">O Enem passa a integrar, em 2026, o Sistema de Avalia\u00e7\u00e3o da Educa\u00e7\u00e3o B\u00e1sica, ou Saeb, e vai ocorrer em mais de dez mil escolas p\u00fablicas estaduais.<\/p>\n\n\n\n<h2 class=\"wp-block-heading\">Como funciona a sele\u00e7\u00e3o para fiscal de prova do Enem 2026<\/h2>\n\n\n\n<p class=\"wp-block-paragraph\">Diferente de processos aberto ao p\u00fablico geral, a indica\u00e7\u00e3o ao RIE fica com as Secretarias de Educa\u00e7\u00e3o de cada estado. Elas apontam os professores efetivos e em exerc\u00edcio nos dias 8 e 18 de setembro.<\/p>\n\n\n\n<p class=\"wp-block-paragraph\">Depois, o Inep divulga a rela\u00e7\u00e3o dos pr\u00e9-indicados que precisam confirmar seu interesse e completar cadastro entre 22 e 27 do mesmo m\u00eas. Al\u00e9m disso, uma segunda rodada de indica\u00e7\u00f5es, entre os dias 29 de setembro e 4 de outubro, acontece se existir necessidade de complementa\u00e7\u00e3o.<\/p>\n\n\n\n<p class=\"wp-block-paragraph\">No estado de Minas Gerais, esse processo \u00e9 feito pela Secretaria de Estado de Educa\u00e7\u00e3o (<a href=\"https:\/\/www.educacao.mg.gov.br\/\" target=\"_blank\" rel=\"noopener\">SEE-MG<\/a>). Eles s\u00e3o respons\u00e1veis por indicar e identificar os professores de rede estadual que v\u00e3o ser interlocutores escolares durante o Enem.<\/p>\n\n\n\n<p class=\"wp-block-paragraph\">Os professores selecionados recebem Aux\u00edlio de Avalia\u00e7\u00e3o Educacional (AAE), no valor de R$ 510 por dia trabalhado. Ou seja, um total de R$ 1.020 para quem atuar nos dois domingos da prova. Os dias marcados para o Enem, em todo territ\u00f3rio nacional, s\u00e3o 8 e 15 de novembro.<\/p>\n\n\n\n<p class=\"wp-block-paragraph\">O trabalho tem car\u00e1ter de aux\u00edlio pela colabora\u00e7\u00e3o prestada, ou seja, n\u00e3o gera v\u00ednculo empregat\u00edcio com Inep. Fora isso, o professor precisa passar por uma capacita\u00e7\u00e3o a dist\u00e2ncia entre os dias 15 e 28 de outubro. Para serem aprovados, precisam de pelo menos 50% de aproveitamento na avalia\u00e7\u00e3o final.<\/p>\n\n\n\n<h2 class=\"wp-block-heading\">O que cada profissional faz durante a aplica\u00e7\u00e3o da prova<\/h2>\n\n\n\n<p class=\"wp-block-paragraph\">Vale notar que o interlocutor escolar n\u00e3o tem a fun\u00e7\u00e3o de quem fiscaliza dentro da sala de prova. O trabalho \u00e9 focado em apoio aos estudantes e organiza\u00e7\u00e3o do lugar. Ou seja, orientam participantes, ajudam na localiza\u00e7\u00e3o de salas e acompanham a circula\u00e7\u00e3o dos candidatos no dia da prova.<\/p>\n\n\n\n<p class=\"wp-block-paragraph\">J\u00e1 a remunera\u00e7\u00e3o maior, de R$ 864 por dia, est\u00e1 ligada ao RNC, outra estrutura do Inep, que funciona como uma fiscaliza\u00e7\u00e3o externa do processo.<\/p>\n\n\n\n<p class=\"wp-block-paragraph\">Esse valor mais alto \u00e9 pago quando existem situa\u00e7\u00f5es excepcionais, como munic\u00edpios sem certificadores suficientes ou deslocamentos maiores de 150 quil\u00f4metros.<\/p>\n\n\n\n<p class=\"wp-block-paragraph\">Por\u00e9m, a sele\u00e7\u00e3o para RNC em 2026 j\u00e1 passou da <a href=\"https:\/\/diariodocomercio.com.br\/geral\/selecao-de-fiscais-para-o-enem\/\">fase de inscri\u00e7\u00f5es<\/a> e est\u00e1 em etapa de capacita\u00e7\u00e3o dos aprovados.<\/p>\n\n\n\n<p class=\"wp-block-paragraph\">Al\u00e9m dessas duas frentes ligadas ao Inep, ainda existe a contrata\u00e7\u00e3o dos aplicadores, chefes de sala e monitores. Esse processo \u00e9 feito por cada opera\u00e7\u00e3o, geralmente s\u00e3o conduzidos por empresas parceiras respons\u00e1veis pela log\u00edstica do Enem.<\/p>\n\n\n\n<p class=\"wp-block-paragraph\">Por isso, quem tem interesse em qualquer uma das fun\u00e7\u00f5es precisa acompanhar os <a href=\"https:\/\/www.gov.br\/inep\/pt-br\" target=\"_blank\" rel=\"noopener\">canais oficiais do Inep<\/a> e da SEE-MG para verificar a possibilidade de participa\u00e7\u00e3o.<\/p>\n","protected":false},"excerpt":{"rendered":"<p>Se voc\u00ea busca uma renda extra, pode ter uma nova chance com a sele\u00e7\u00e3o de fiscal de prova do Enem 2026. O exame anual mobiliza o pa\u00eds, precisando de uma estrutura enorme para ocorrer de acordo com esperado. Por isso, diferentes posi\u00e7\u00f5es remuneradas, entre elas fiscais, aplicadores, monitores, chefes de sala e profissionais de apoio, [&hellip;]<\/p>\n","protected":false},"author":5,"featured_media":8236,"comment_status":"closed","ping_status":"open","sticky":false,"template":"","format":"standard","meta":{"_acf_changed":false,"footnotes":""},"categories":[1],"tags":[],"class_list":["post-8227","post","type-post","status-publish","format-standard","has-post-thumbnail","hentry","category-geral"],"acf":{"subtitulo":"","oculta_home":false,"leitura_rapida":""},"_links":{"self":[{"href":"https:\/\/diariodocomercio.com.br\/geral\/wp-json\/wp\/v2\/posts\/8227","targetHints":{"allow":["GET"]}}],"collection":[{"href":"https:\/\/diariodocomercio.com.br\/geral\/wp-json\/wp\/v2\/posts"}],"about":[{"href":"https:\/\/diariodocomercio.com.br\/geral\/wp-json\/wp\/v2\/types\/post"}],"author":[{"embeddable":true,"href":"https:\/\/diariodocomercio.com.br\/geral\/wp-json\/wp\/v2\/users\/5"}],"replies":[{"embeddable":true,"href":"https:\/\/diariodocomercio.com.br\/geral\/wp-json\/wp\/v2\/comments?post=8227"}],"version-history":[{"count":3,"href":"https:\/\/diariodocomercio.com.br\/geral\/wp-json\/wp\/v2\/posts\/8227\/revisions"}],"predecessor-version":[{"id":8234,"href":"https:\/\/diariodocomercio.com.br\/geral\/wp-json\/wp\/v2\/posts\/8227\/revisions\/8234"}],"wp:featuredmedia":[{"embeddable":true,"href":"https:\/\/diariodocomercio.com.br\/geral\/wp-json\/wp\/v2\/media\/8236"}],"wp:attachment":[{"href":"https:\/\/diariodocomercio.com.br\/geral\/wp-json\/wp\/v2\/media?parent=8227"}],"wp:term":[{"taxonomy":"category","embeddable":true,"href":"https:\/\/diariodocomercio.com.br\/geral\/wp-json\/wp\/v2\/categories?post=8227"},{"taxonomy":"post_tag","embeddable":true,"href":"https:\/\/diariodocomercio.com.br\/geral\/wp-json\/wp\/v2\/tags?post=8227"}],"curies":[{"name":"wp","href":"https:\/\/api.w.org\/{rel}","templated":true}]}}