{"id":8229,"date":"2026-09-02T12:45:00","date_gmt":"2026-09-02T15:45:00","guid":{"rendered":"https:\/\/diariodocomercio.com.br\/geral\/?p=8229"},"modified":"2026-09-02T11:42:09","modified_gmt":"2026-09-02T14:42:09","slug":"musica-danca-e-teatro-cefart-abre-487-vagas-em-cursos-gratuitos-com-opcao-ead","status":"publish","type":"post","link":"https:\/\/diariodocomercio.com.br\/geral\/musica-danca-e-teatro-cefart-abre-487-vagas-em-cursos-gratuitos-com-opcao-ead\/","title":{"rendered":"M\u00fasica, Dan\u00e7a e Teatro: Cefart abre 487 vagas em cursos gratuitos em BH"},"content":{"rendered":"\n<p class=\"wp-block-paragraph\">Com prazo de inscri\u00e7\u00e3o at\u00e9 20 de setembro, o Cefart (Centro de Forma\u00e7\u00e3o Art\u00edstica e Tecnol\u00f3gica) est\u00e1 com 487 vagas gratuitas abertas para 2027 em Belo Horizonte.&nbsp;<\/p>\n\n\n\n<p class=\"wp-block-paragraph\">As oportunidades cobrem m\u00fasica, dan\u00e7a, teatro, artes visuais e tecnologia da cena, com cursos presenciais e remotos para diferentes n\u00edveis de forma\u00e7\u00e3o.<\/p>\n\n\n\n<h2 class=\"wp-block-heading\">Cursos dispon\u00edvel no Cefart<\/h2>\n\n\n\n<p class=\"wp-block-paragraph\">A Escola de M\u00fasica concentra a maior oferta, com 157 vagas. O Curso B\u00e1sico cobre 16 habilita\u00e7\u00f5es, entre bateria, violino, saxofone e canto erudito. Musicaliza\u00e7\u00e3o para Adultos e Reg\u00eancia de Bandas completam a grade, esta \u00faltima com experi\u00eancia pr\u00e9via em banda como requisito.<\/p>\n\n\n\n<p class=\"wp-block-paragraph\">Artes Visuais somam 135 vagas em quatro cursos. Arte-Educa\u00e7\u00e3o, Curadoria e Expografia funcionam na modalidade remota. Assistente de Produ\u00e7\u00e3o Cultural \u00e9 presencial. A Dan\u00e7a oferece 75 vagas nos n\u00edveis b\u00e1sico, preparat\u00f3rio e t\u00e9cnico. Tecnologia da Cena tem 80 vagas em cenotecnia, figurino, sonoplastia e ilumina\u00e7\u00e3o c\u00eanica. O Teatro abre 40 vagas no Curso T\u00e9cnico, com turmas de manh\u00e3 e \u00e0 noite.<\/p>\n\n\n\n<h2 class=\"wp-block-heading\"><strong>Como se inscrever<\/strong><\/h2>\n\n\n\n<p class=\"wp-block-paragraph\">A inscri\u00e7\u00e3o \u00e9 gratuita e feita pelo site da <a href=\"https:\/\/fcs.mg.gov.br\/\" target=\"_blank\" rel=\"noopener\">Funda\u00e7\u00e3o Cl\u00f3vis Salgado<\/a>. Quem n\u00e3o tem acesso \u00e0 internet pode ir at\u00e9 o Pal\u00e1cio das Artes (Avenida Afonso Pena, 1.537, Centro, BH), de segunda a sexta, das 12h \u00e0s 15h.<\/p>\n\n\n\n<p class=\"wp-block-paragraph\">Antes de concluir o cadastro, \u00e9 preciso preparar um v\u00eddeo. Cinco dos seis editais exigem o arquivo j\u00e1 na inscri\u00e7\u00e3o. A Dan\u00e7a \u00e9 a \u00fanica exce\u00e7\u00e3o e pede uma Autodeclara\u00e7\u00e3o de Experi\u00eancia Art\u00edstica no lugar do v\u00eddeo.<\/p>\n\n\n\n<p class=\"wp-block-paragraph\">Mesmo sem mensalidade, alguns custos ficam com o aluno. Na M\u00fasica, instrumento e acess\u00f3rios s\u00e3o por conta do matriculado. Na Dan\u00e7a, sapatilhas, uniformes e figurinos tamb\u00e9m n\u00e3o s\u00e3o fornecidos pelo Cefart.<\/p>\n","protected":false},"excerpt":{"rendered":"<p>Com prazo de inscri\u00e7\u00e3o at\u00e9 20 de setembro, o Cefart (Centro de Forma\u00e7\u00e3o Art\u00edstica e Tecnol\u00f3gica) est\u00e1 com 487 vagas gratuitas abertas para 2027 em Belo Horizonte.&nbsp; As oportunidades cobrem m\u00fasica, dan\u00e7a, teatro, artes visuais e tecnologia da cena, com cursos presenciais e remotos para diferentes n\u00edveis de forma\u00e7\u00e3o. Cursos dispon\u00edvel no Cefart A Escola [&hellip;]<\/p>\n","protected":false},"author":4,"featured_media":8237,"comment_status":"closed","ping_status":"open","sticky":false,"template":"","format":"standard","meta":{"_acf_changed":false,"footnotes":""},"categories":[11],"tags":[],"class_list":["post-8229","post","type-post","status-publish","format-standard","has-post-thumbnail","hentry","category-cidades"],"acf":{"subtitulo":"Cursos t\u00eam op\u00e7\u00e3o presencial e remota; quem n\u00e3o tem internet pode se inscrever no Pal\u00e1cio das Artes, em BH","oculta_home":false,"leitura_rapida":""},"_links":{"self":[{"href":"https:\/\/diariodocomercio.com.br\/geral\/wp-json\/wp\/v2\/posts\/8229","targetHints":{"allow":["GET"]}}],"collection":[{"href":"https:\/\/diariodocomercio.com.br\/geral\/wp-json\/wp\/v2\/posts"}],"about":[{"href":"https:\/\/diariodocomercio.com.br\/geral\/wp-json\/wp\/v2\/types\/post"}],"author":[{"embeddable":true,"href":"https:\/\/diariodocomercio.com.br\/geral\/wp-json\/wp\/v2\/users\/4"}],"replies":[{"embeddable":true,"href":"https:\/\/diariodocomercio.com.br\/geral\/wp-json\/wp\/v2\/comments?post=8229"}],"version-history":[{"count":6,"href":"https:\/\/diariodocomercio.com.br\/geral\/wp-json\/wp\/v2\/posts\/8229\/revisions"}],"predecessor-version":[{"id":8239,"href":"https:\/\/diariodocomercio.com.br\/geral\/wp-json\/wp\/v2\/posts\/8229\/revisions\/8239"}],"wp:featuredmedia":[{"embeddable":true,"href":"https:\/\/diariodocomercio.com.br\/geral\/wp-json\/wp\/v2\/media\/8237"}],"wp:attachment":[{"href":"https:\/\/diariodocomercio.com.br\/geral\/wp-json\/wp\/v2\/media?parent=8229"}],"wp:term":[{"taxonomy":"category","embeddable":true,"href":"https:\/\/diariodocomercio.com.br\/geral\/wp-json\/wp\/v2\/categories?post=8229"},{"taxonomy":"post_tag","embeddable":true,"href":"https:\/\/diariodocomercio.com.br\/geral\/wp-json\/wp\/v2\/tags?post=8229"}],"curies":[{"name":"wp","href":"https:\/\/api.w.org\/{rel}","templated":true}]}}