{"id":8243,"date":"2026-09-02T13:00:00","date_gmt":"2026-09-02T16:00:00","guid":{"rendered":"https:\/\/diariodocomercio.com.br\/geral\/?p=8243"},"modified":"2026-09-02T12:36:43","modified_gmt":"2026-09-02T15:36:43","slug":"falta-de-agua","status":"publish","type":"post","link":"https:\/\/diariodocomercio.com.br\/geral\/falta-de-agua\/","title":{"rendered":"Copasa cria for\u00e7a-tarefa contra falta de \u00e1gua em BH"},"content":{"rendered":"\n<p class=\"wp-block-paragraph\">A Companhia de Saneamento de Minas Gerais (<a href=\"http:\/\/www.copasa.com.br\/\" target=\"_blank\" rel=\"noreferrer noopener\">Copasa<\/a>) criou uma for\u00e7a-tarefa para normalizar a falta de \u00e1gua em BH que afeta moradores de Belo Horizonte e da Regi\u00e3o Metropolitana h\u00e1 alguns dias. <\/p>\n\n\n\n<p class=\"wp-block-paragraph\">A medida foi anunciada na ter\u00e7a-feira, 1\u00ba de setembro, depois de bairros da capital enfrentarem interrup\u00e7\u00f5es e oscila\u00e7\u00f5es no fornecimento.<\/p>\n\n\n\n<p class=\"wp-block-paragraph\">Equipes operacionais, de engenharia e de desenvolvimento social foram mobilizadas para atuar em diferentes frentes ao mesmo tempo, com manuten\u00e7\u00f5es programadas e emergenciais, reparos em adutoras e interven\u00e7\u00f5es nos sistemas respons\u00e1veis pelo abastecimento. <\/p>\n\n\n\n<p class=\"wp-block-paragraph\">A previs\u00e3o \u00e9 de que o fornecimento seja totalmente regularizado na Regi\u00e3o Metropolitana de Belo Horizonte at\u00e9 esta quinta-feira (3\/9), com a recupera\u00e7\u00e3o acontecendo aos poucos, conforme os servi\u00e7os v\u00e3o sendo conclu\u00eddos e as redes recuperam a press\u00e3o normal.<\/p>\n\n\n\n<h2 class=\"wp-block-heading\">Rompimento de adutora causa falta de \u00e1gua em BH<\/h2>\n\n\n\n<p class=\"wp-block-paragraph\">O principal problema por tr\u00e1s da falta de \u00e1gua em BH est\u00e1 localizado na regi\u00e3o Oeste da cidade e come\u00e7ou em 19 de agosto, quando uma adutora de grande porte se rompeu na Rua Xapuri, no bairro Nova Granada. <\/p>\n\n\n\n<p class=\"wp-block-paragraph\">A tubula\u00e7\u00e3o passava por baixo de um im\u00f3vel constru\u00eddo sobre a \u00e1rea da rede, e o rompimento causou danos \u00e0 estrutura da casa, que precisou ser interditada pela Defesa Civil.<\/p>\n\n\n\n<p class=\"wp-block-paragraph\">Como n\u00e3o havia condi\u00e7\u00f5es de fazer um reparo convencional embaixo do im\u00f3vel atingido, a Copasa isolou temporariamente o trecho danificado e mudou a configura\u00e7\u00e3o hidr\u00e1ulica da rede para manter o fluxo de \u00e1gua funcionando. <\/p>\n\n\n\n<p class=\"wp-block-paragraph\">Essa solu\u00e7\u00e3o provis\u00f3ria, no entanto, reduziu a vaz\u00e3o e provocou oscila\u00e7\u00f5es de press\u00e3o, principalmente nas partes mais altas dos bairros Buritis, Estoril e Nova Su\u00ed\u00e7a.<\/p>\n\n\n\n<p class=\"wp-block-paragraph\">Para resolver o problema de forma definitiva, a companhia come\u00e7ou, em 31 de agosto, uma obra emergencial para construir um novo trajeto para a adutora, desviando a tubula\u00e7\u00e3o do im\u00f3vel atingido e permitindo que o sistema volte a operar com capacidade total.<\/p>\n\n\n\n<h2 class=\"wp-block-heading\">Caminh\u00f5es-pipa refor\u00e7am abastecimento em \u00e1reas cr\u00edticas<\/h2>\n\n\n\n<p class=\"wp-block-paragraph\">Enquanto as redes passam pelo processo de recupera\u00e7\u00e3o da press\u00e3o, mais de 15 caminh\u00f5es-pipa foram colocados em opera\u00e7\u00e3o para atender as \u00e1reas mais afetadas pela falta de \u00e1gua em BH, com a frota devendo ser ampliada nos pr\u00f3ximos dias. <\/p>\n\n\n\n<p class=\"wp-block-paragraph\">O abastecimento emergencial prioriza hospitais, unidades de pronto atendimento, escolas e creches, al\u00e9m de locais considerados mais cr\u00edticos por causa das caracter\u00edsticas do relevo da regi\u00e3o.<\/p>\n\n\n\n<p class=\"wp-block-paragraph\">A Copasa tamb\u00e9m informou que vai divulgar boletins di\u00e1rios sobre o andamento dos trabalhos at\u00e9 a normaliza\u00e7\u00e3o completa do abastecimento. <\/p>\n\n\n\n<p class=\"wp-block-paragraph\">Moradores podem fazer solicita\u00e7\u00f5es relacionadas ao fornecimento de \u00e1gua pelo WhatsApp (31) 99770-7000, pelo aplicativo Copasa Digital, pelo site da companhia ou pelo telefone 0800 0300 115.<\/p>\n\n\n\n<p class=\"wp-block-paragraph\">A Copasa presta assist\u00eancia aos quatro moradores da casa atingida pelo rompimento da adutora na Rua Xapuri. A fam\u00edlia recebeu hospedagem em hotel, alimenta\u00e7\u00e3o, transporte, vestu\u00e1rio e acompanhamento para atendimento m\u00e9dico, por meio da Ger\u00eancia de Desenvolvimento Social da companhia, enquanto aguarda a conclus\u00e3o das obras que devem permitir a normaliza\u00e7\u00e3o definitiva do abastecimento na regi\u00e3o.<\/p>\n","protected":false},"excerpt":{"rendered":"<p>A Companhia de Saneamento de Minas Gerais (Copasa) criou uma for\u00e7a-tarefa para normalizar a falta de \u00e1gua em BH que afeta moradores de Belo Horizonte e da Regi\u00e3o Metropolitana h\u00e1 alguns dias. A medida foi anunciada na ter\u00e7a-feira, 1\u00ba de setembro, depois de bairros da capital enfrentarem interrup\u00e7\u00f5es e oscila\u00e7\u00f5es no fornecimento. Equipes operacionais, de [&hellip;]<\/p>\n","protected":false},"author":5,"featured_media":8248,"comment_status":"closed","ping_status":"open","sticky":false,"template":"","format":"standard","meta":{"_acf_changed":false,"footnotes":""},"categories":[1,11],"tags":[],"class_list":["post-8243","post","type-post","status-publish","format-standard","has-post-thumbnail","hentry","category-geral","category-cidades"],"acf":{"subtitulo":"Companhia mobiliza mais de 15 caminh\u00f5es-pipa e constr\u00f3i novo trecho de tubula\u00e7\u00e3o ap\u00f3s rompimento que interditou uma casa no bairro Nova Granada.","oculta_home":false,"leitura_rapida":""},"_links":{"self":[{"href":"https:\/\/diariodocomercio.com.br\/geral\/wp-json\/wp\/v2\/posts\/8243","targetHints":{"allow":["GET"]}}],"collection":[{"href":"https:\/\/diariodocomercio.com.br\/geral\/wp-json\/wp\/v2\/posts"}],"about":[{"href":"https:\/\/diariodocomercio.com.br\/geral\/wp-json\/wp\/v2\/types\/post"}],"author":[{"embeddable":true,"href":"https:\/\/diariodocomercio.com.br\/geral\/wp-json\/wp\/v2\/users\/5"}],"replies":[{"embeddable":true,"href":"https:\/\/diariodocomercio.com.br\/geral\/wp-json\/wp\/v2\/comments?post=8243"}],"version-history":[{"count":5,"href":"https:\/\/diariodocomercio.com.br\/geral\/wp-json\/wp\/v2\/posts\/8243\/revisions"}],"predecessor-version":[{"id":8249,"href":"https:\/\/diariodocomercio.com.br\/geral\/wp-json\/wp\/v2\/posts\/8243\/revisions\/8249"}],"wp:featuredmedia":[{"embeddable":true,"href":"https:\/\/diariodocomercio.com.br\/geral\/wp-json\/wp\/v2\/media\/8248"}],"wp:attachment":[{"href":"https:\/\/diariodocomercio.com.br\/geral\/wp-json\/wp\/v2\/media?parent=8243"}],"wp:term":[{"taxonomy":"category","embeddable":true,"href":"https:\/\/diariodocomercio.com.br\/geral\/wp-json\/wp\/v2\/categories?post=8243"},{"taxonomy":"post_tag","embeddable":true,"href":"https:\/\/diariodocomercio.com.br\/geral\/wp-json\/wp\/v2\/tags?post=8243"}],"curies":[{"name":"wp","href":"https:\/\/api.w.org\/{rel}","templated":true}]}}