{"id":8253,"date":"2026-09-02T13:45:00","date_gmt":"2026-09-02T16:45:00","guid":{"rendered":"https:\/\/diariodocomercio.com.br\/geral\/?p=8253"},"modified":"2026-09-02T13:06:54","modified_gmt":"2026-09-02T16:06:54","slug":"festa-do-peao-de-itau-de-minas","status":"publish","type":"post","link":"https:\/\/diariodocomercio.com.br\/geral\/festa-do-peao-de-itau-de-minas\/","title":{"rendered":"Prefeitura de Ita\u00fa de Minas cancela tradicional Festa do Pe\u00e3o por &#8216;dificuldades econ\u00f4micas&#8217;"},"content":{"rendered":"\n<p class=\"wp-block-paragraph\">A Prefeitura de Ita\u00fa de Minas, no Sul de MG, anunciou nesta quarta-feira (2) que a Festa do Pe\u00e3o n\u00e3o ser\u00e1 realizada neste ano. A decis\u00e3o foi comunicada em nota nas redes sociais. Em 2025, quando a festa completou 30 edi\u00e7\u00f5es, o munic\u00edpio desembolsou R$ 325 mil com artistas, segundo o Painel Suricato, ferramenta do Tribunal de Contas da Uni\u00e3o (TCU).&nbsp;<\/p>\n\n\n\n<p class=\"wp-block-paragraph\">De acordo com a administra\u00e7\u00e3o municipal, a suspens\u00e3o atende a orienta\u00e7\u00f5es do <a href=\"https:\/\/www.tce.mg.gov.br\/\" target=\"_blank\" rel=\"noopener\">Tribunal de Contas do Estado de Minas Gerais (TCE-MG)<\/a>, redireciona verbas para infraestrutura, sa\u00fade e educa\u00e7\u00e3o e responde ao que o munic\u00edpio definiu como &#8220;dificuldades econ\u00f4micas enfrentadas pelo pa\u00eds&#8221;.<\/p>\n\n\n\n<h2 class=\"wp-block-heading\"><strong>Festa do Pe\u00e3o de Ita\u00fa de Minas d\u00e1 lugar a quatro <\/strong>projetos<\/h2>\n\n\n\n<p class=\"wp-block-paragraph\">De acordo com a prefeitura, os recursos ir\u00e3o para a amplia\u00e7\u00e3o do pronto-socorro, com compra de um terreno prevista para dar in\u00edcio \u00e0s obras, e para a instala\u00e7\u00e3o de ar-condicionado nas escolas municipais. A gest\u00e3o tamb\u00e9m prev\u00ea a conclus\u00e3o do Poliesportivo e a constru\u00e7\u00e3o das unidades PSF 3 e PSF 4, do Programa Sa\u00fade da Fam\u00edlia.<\/p>\n\n\n\n<p class=\"wp-block-paragraph\">&#8220;A Festa do Pe\u00e3o \u00e9 parte da nossa hist\u00f3ria e sabemos da sua import\u00e2ncia para a cidade. Mas, neste momento, a prioridade \u00e9 investir onde o recurso p\u00fablico pode trazer benef\u00edcios permanentes para os itauenses. Responsabilidade tamb\u00e9m \u00e9 saber escolher&#8221;, afirmou a Prefeitura de Ita\u00fa de Minas em nota.<\/p>\n","protected":false},"excerpt":{"rendered":"<p>A Prefeitura de Ita\u00fa de Minas, no Sul de MG, anunciou nesta quarta-feira (2) que a Festa do Pe\u00e3o n\u00e3o ser\u00e1 realizada neste ano. A decis\u00e3o foi comunicada em nota nas redes sociais. Em 2025, quando a festa completou 30 edi\u00e7\u00f5es, o munic\u00edpio desembolsou R$ 325 mil com artistas, segundo o Painel Suricato, ferramenta do [&hellip;]<\/p>\n","protected":false},"author":4,"featured_media":8269,"comment_status":"closed","ping_status":"open","sticky":false,"template":"","format":"standard","meta":{"_acf_changed":false,"footnotes":""},"categories":[13],"tags":[],"class_list":["post-8253","post","type-post","status-publish","format-standard","has-post-thumbnail","hentry","category-regional"],"acf":{"subtitulo":"Festa do Pe\u00e3o de Ita\u00fa de Minas \u00e9 suspensa ap\u00f3s 30 edi\u00e7\u00f5es por 'dificuldades econ\u00f4micas do pa\u00eds'","oculta_home":false,"leitura_rapida":""},"_links":{"self":[{"href":"https:\/\/diariodocomercio.com.br\/geral\/wp-json\/wp\/v2\/posts\/8253","targetHints":{"allow":["GET"]}}],"collection":[{"href":"https:\/\/diariodocomercio.com.br\/geral\/wp-json\/wp\/v2\/posts"}],"about":[{"href":"https:\/\/diariodocomercio.com.br\/geral\/wp-json\/wp\/v2\/types\/post"}],"author":[{"embeddable":true,"href":"https:\/\/diariodocomercio.com.br\/geral\/wp-json\/wp\/v2\/users\/4"}],"replies":[{"embeddable":true,"href":"https:\/\/diariodocomercio.com.br\/geral\/wp-json\/wp\/v2\/comments?post=8253"}],"version-history":[{"count":8,"href":"https:\/\/diariodocomercio.com.br\/geral\/wp-json\/wp\/v2\/posts\/8253\/revisions"}],"predecessor-version":[{"id":8268,"href":"https:\/\/diariodocomercio.com.br\/geral\/wp-json\/wp\/v2\/posts\/8253\/revisions\/8268"}],"wp:featuredmedia":[{"embeddable":true,"href":"https:\/\/diariodocomercio.com.br\/geral\/wp-json\/wp\/v2\/media\/8269"}],"wp:attachment":[{"href":"https:\/\/diariodocomercio.com.br\/geral\/wp-json\/wp\/v2\/media?parent=8253"}],"wp:term":[{"taxonomy":"category","embeddable":true,"href":"https:\/\/diariodocomercio.com.br\/geral\/wp-json\/wp\/v2\/categories?post=8253"},{"taxonomy":"post_tag","embeddable":true,"href":"https:\/\/diariodocomercio.com.br\/geral\/wp-json\/wp\/v2\/tags?post=8253"}],"curies":[{"name":"wp","href":"https:\/\/api.w.org\/{rel}","templated":true}]}}