{"id":8275,"date":"2026-09-02T16:30:00","date_gmt":"2026-09-02T19:30:00","guid":{"rendered":"https:\/\/diariodocomercio.com.br\/geral\/?p=8275"},"modified":"2026-09-02T14:11:49","modified_gmt":"2026-09-02T17:11:49","slug":"florido-o-musical","status":"publish","type":"post","link":"https:\/\/diariodocomercio.com.br\/geral\/florido-o-musical\/","title":{"rendered":"Florido &#8211; O Musical volta a Ouro Preto de gra\u00e7a"},"content":{"rendered":"\n<p class=\"wp-block-paragraph\">Depois de dois anos longe do p\u00fablico de Ouro Preto, o espet\u00e1culo Florido &#8211; O Musical retorna \u00e0 cidade neste s\u00e1bado, dia 5 de setembro. A apresenta\u00e7\u00e3o acontece \u00e0s 20h, no Teatro Casa da \u00d3pera, com entrada gratuita, classifica\u00e7\u00e3o livre e interpreta\u00e7\u00e3o em Libras.<\/p>\n\n\n\n<p class=\"wp-block-paragraph\">A \u00faltima passagem do musical por Ouro Preto foi em 2024, tamb\u00e9m no palco da <a href=\"https:\/\/www.ouropreto.mg.gov.br\/turismo\/atrativo-item\/888\" target=\"_blank\" rel=\"noreferrer noopener\">Casa da \u00d3pera<\/a>. Para essa nova temporada, o espet\u00e1culo passou por uma remontagem, com ajustes em algumas cenas e mais espa\u00e7o para a m\u00fasica dentro da apresenta\u00e7\u00e3o. <\/p>\n\n\n\n<p class=\"wp-block-paragraph\">Nessa nova vers\u00e3o, os pr\u00f3prios atores tocam instrumentos de percuss\u00e3o ao longo da pe\u00e7a, refor\u00e7ando o clima musical da encena\u00e7\u00e3o.<\/p>\n\n\n\n<h2 class=\"wp-block-heading\">O que conta a hist\u00f3ria de Florido &#8211; O Musical<\/h2>\n\n\n\n<p class=\"wp-block-paragraph\">Com 60 minutos de dura\u00e7\u00e3o, Florido &#8211; O Musical apresenta uma f\u00e1bula mineira constru\u00edda a partir de elementos do imagin\u00e1rio popular e das cantigas de roda tradicionais do estado. <\/p>\n\n\n\n<p class=\"wp-block-paragraph\">A trama acompanha Bento, filho da fazendeira Dona Zefinha, e sua rela\u00e7\u00e3o de amizade com o boi Florido, animal manso e admirado por toda a regi\u00e3o.<\/p>\n\n\n\n<p class=\"wp-block-paragraph\">A hist\u00f3ria ganha contornos de conflito com a chegada de Seu Juvenal, fazendeiro ganancioso da regi\u00e3o, e de sua filha Rosa Maria. <\/p>\n\n\n\n<p class=\"wp-block-paragraph\">A narrativa tamb\u00e9m apresenta Manuela, personagem que ajuda a costurar os temas centrais da pe\u00e7a, entre eles o medo, a ambi\u00e7\u00e3o, o amor e a fidelidade, temas universais contados sob a perspectiva da cultura mineira.<\/p>\n\n\n\n<h2 class=\"wp-block-heading\">Quem est\u00e1 por tr\u00e1s do espet\u00e1culo<\/h2>\n\n\n\n<p class=\"wp-block-paragraph\">Florido &#8211; O Musical \u00e9 a primeira produ\u00e7\u00e3o do Grupo de Teatro Mundo C\u00eanico, companhia sediada em Perd\u00f5es, no oeste de Minas Gerais, criada com o objetivo de fomentar a arte e a cultura na cidade e na regi\u00e3o. <\/p>\n\n\n\n<p class=\"wp-block-paragraph\">O espet\u00e1culo estreou em 2022 e, no ano seguinte, conquistou os pr\u00eamios de Melhor Espet\u00e1culo, Melhor Atriz e Melhor Ator no Festival Nacional de Teatro de Passos, tamb\u00e9m em Minas Gerais.<\/p>\n\n\n\n<p class=\"wp-block-paragraph\">A montagem re\u00fane seis atores em cena, respons\u00e1veis por interpretar os personagens, cantar e tocar os instrumentos usados na trilha sonora ao vivo. <\/p>\n\n\n\n<p class=\"wp-block-paragraph\">O repert\u00f3rio musical \u00e9 formado por can\u00e7\u00f5es populares, e o cen\u00e1rio da pe\u00e7a foi desenvolvido de forma artesanal pela pr\u00f3pria equipe de produ\u00e7\u00e3o.<\/p>\n\n\n\n<h2 class=\"wp-block-heading\">Florido &#8211; O Musical j\u00e1 rodou por v\u00e1rias cidades mineiras<\/h2>\n\n\n\n<p class=\"wp-block-paragraph\">Al\u00e9m de Ouro Preto, o espet\u00e1culo j\u00e1 esteve em cidades como Lavras, onde foi apresentado no C\u00e2mpus Hist\u00f3rico da Universidade Federal de Lavras, e tamb\u00e9m em munic\u00edpios do entorno da Usina Hidrel\u00e9trica de Aimor\u00e9s, na regi\u00e3o do Rio Doce, como parte de uma turn\u00ea voltada \u00e0s comunidades pr\u00f3ximas ao empreendimento. <\/p>\n\n\n\n<p class=\"wp-block-paragraph\">Hoje, o Grupo Mundo C\u00eanico j\u00e1 soma mais de 100 apresenta\u00e7\u00f5es realizadas com seus espet\u00e1culos autorais, alcan\u00e7ando um p\u00fablico superior a 30 mil espectadores ao longo da trajet\u00f3ria da companhia.<\/p>\n\n\n\n<p class=\"wp-block-paragraph\">A apresenta\u00e7\u00e3o em Ouro Preto \u00e9 viabilizada pela Lei Federal de Incentivo \u00e0 Cultura, com patroc\u00ednio da Hexagon Mining, modelo de financiamento que tem permitido \u00e0 companhia de Perd\u00f5es levar o espet\u00e1culo gratuitamente a diferentes p\u00fablicos dentro e fora de Minas Gerais.<\/p>\n\n\n\n<h2 class=\"wp-block-heading\">Palco hist\u00f3rico refor\u00e7a o significado da apresenta\u00e7\u00e3o<\/h2>\n\n\n\n<p class=\"wp-block-paragraph\">O retorno de Florido &#8211; O Musical ao Teatro Casa da \u00d3pera tamb\u00e9m refor\u00e7a a rela\u00e7\u00e3o do espet\u00e1culo com um dos espa\u00e7os culturais mais tradicionais do estado. <\/p>\n\n\n\n<p class=\"wp-block-paragraph\">Inaugurado em 1769, o teatro \u00e9 considerado o mais antigo em funcionamento cont\u00ednuo da Am\u00e9rica Latina, o que confere um peso simb\u00f3lico especial \u00e0s apresenta\u00e7\u00f5es realizadas em seu palco, marcado pela arquitetura hist\u00f3rica preservada de Ouro Preto.<\/p>\n\n\n\n<p class=\"wp-block-paragraph\">Para o Grupo Mundo C\u00eanico, companhia que nasceu no interior mineiro, apresentar-se nesse espa\u00e7o refor\u00e7a a proposta original do espet\u00e1culo: unir a tradi\u00e7\u00e3o da cultura popular de Minas Gerais a um dos cen\u00e1rios mais representativos da hist\u00f3ria cultural do estado, aproximando moradores e visitantes de uma f\u00e1bula que j\u00e1 conquistou p\u00fablico em diferentes regi\u00f5es do pa\u00eds.<\/p>\n","protected":false},"excerpt":{"rendered":"<p>Depois de dois anos longe do p\u00fablico de Ouro Preto, o espet\u00e1culo Florido &#8211; O Musical retorna \u00e0 cidade neste s\u00e1bado, dia 5 de setembro. A apresenta\u00e7\u00e3o acontece \u00e0s 20h, no Teatro Casa da \u00d3pera, com entrada gratuita, classifica\u00e7\u00e3o livre e interpreta\u00e7\u00e3o em Libras. A \u00faltima passagem do musical por Ouro Preto foi em 2024, [&hellip;]<\/p>\n","protected":false},"author":5,"featured_media":8278,"comment_status":"closed","ping_status":"open","sticky":false,"template":"","format":"standard","meta":{"_acf_changed":false,"footnotes":""},"categories":[1,11],"tags":[],"class_list":["post-8275","post","type-post","status-publish","format-standard","has-post-thumbnail","hentry","category-geral","category-cidades"],"acf":{"subtitulo":"Espet\u00e1culo volta ao Teatro Casa da \u00d3pera ap\u00f3s dois anos, neste s\u00e1bado (5).","oculta_home":false,"leitura_rapida":""},"_links":{"self":[{"href":"https:\/\/diariodocomercio.com.br\/geral\/wp-json\/wp\/v2\/posts\/8275","targetHints":{"allow":["GET"]}}],"collection":[{"href":"https:\/\/diariodocomercio.com.br\/geral\/wp-json\/wp\/v2\/posts"}],"about":[{"href":"https:\/\/diariodocomercio.com.br\/geral\/wp-json\/wp\/v2\/types\/post"}],"author":[{"embeddable":true,"href":"https:\/\/diariodocomercio.com.br\/geral\/wp-json\/wp\/v2\/users\/5"}],"replies":[{"embeddable":true,"href":"https:\/\/diariodocomercio.com.br\/geral\/wp-json\/wp\/v2\/comments?post=8275"}],"version-history":[{"count":3,"href":"https:\/\/diariodocomercio.com.br\/geral\/wp-json\/wp\/v2\/posts\/8275\/revisions"}],"predecessor-version":[{"id":8279,"href":"https:\/\/diariodocomercio.com.br\/geral\/wp-json\/wp\/v2\/posts\/8275\/revisions\/8279"}],"wp:featuredmedia":[{"embeddable":true,"href":"https:\/\/diariodocomercio.com.br\/geral\/wp-json\/wp\/v2\/media\/8278"}],"wp:attachment":[{"href":"https:\/\/diariodocomercio.com.br\/geral\/wp-json\/wp\/v2\/media?parent=8275"}],"wp:term":[{"taxonomy":"category","embeddable":true,"href":"https:\/\/diariodocomercio.com.br\/geral\/wp-json\/wp\/v2\/categories?post=8275"},{"taxonomy":"post_tag","embeddable":true,"href":"https:\/\/diariodocomercio.com.br\/geral\/wp-json\/wp\/v2\/tags?post=8275"}],"curies":[{"name":"wp","href":"https:\/\/api.w.org\/{rel}","templated":true}]}}