{"id":8280,"date":"2026-09-02T14:15:00","date_gmt":"2026-09-02T17:15:00","guid":{"rendered":"https:\/\/diariodocomercio.com.br\/geral\/?p=8280"},"modified":"2026-09-02T13:59:50","modified_gmt":"2026-09-02T16:59:50","slug":"comite-el-nino-e-criado-para-enviar-agua-e-recursos-ao-norte-de-mg","status":"publish","type":"post","link":"https:\/\/diariodocomercio.com.br\/geral\/comite-el-nino-e-criado-para-enviar-agua-e-recursos-ao-norte-de-mg\/","title":{"rendered":"Comit\u00ea El Ni\u00f1o \u00e9 criado para enviar \u00e1gua e recursos ao Norte de MG"},"content":{"rendered":"\n<p class=\"wp-block-paragraph\">O <a href=\"https:\/\/www.mg.gov.br\/\" target=\"_blank\" rel=\"noopener\">Governo de Minas<\/a> vai disponibilizar 80 caminh\u00f5es-pipa e 94 milh\u00f5es de litros de \u00e1gua para munic\u00edpios do Norte de Minas em situa\u00e7\u00e3o de calamidade. O governador Mateus Sim\u00f5es assinou nesta quarta-feira (2), em Montes Claros, o decreto que cria o Comit\u00ea El Ni\u00f1o.<\/p>\n\n\n\n<p class=\"wp-block-paragraph\">A quantidade equivale ao consumo de aproximadamente 215 mil pessoas abastecidas por caminh\u00e3o-pipa, segundo o Estado. Dez cidades j\u00e1 aguardam atendimento, e a Defesa Civil monitora outras localidades da regi\u00e3o.<\/p>\n\n\n\n<h2 class=\"wp-block-heading\"><strong>Por que a estiagem preocupa o Norte de Minas<\/strong><\/h2>\n\n\n\n<p class=\"wp-block-paragraph\">O decreto foi motivado por <a href=\"https:\/\/diariodocomercio.com.br\/geral\/impactos-do-el-nino\/\">alertas meteorol\u00f3gicos<\/a> que indicam falta de chuva at\u00e9 o fim do ano. A previs\u00e3o aponta queda de 50 a 100 mil\u00edmetros em rela\u00e7\u00e3o ao esperado para o trimestre final, num per\u00edodo em que a regi\u00e3o aguarda pouco mais de 400 mil\u00edmetros de chuva.<\/p>\n\n\n\n<p class=\"wp-block-paragraph\">&#8220;Como j\u00e1 temos a informa\u00e7\u00e3o t\u00e9cnica de que chegar\u00e1 o problema, temos condi\u00e7\u00f5es de nos antecipar&#8221;, afirmou o governador.<\/p>\n\n\n\n<h2 class=\"wp-block-heading\"><strong>Como o Comit\u00ea El Ni\u00f1o vai atuar<\/strong><\/h2>\n\n\n\n<p class=\"wp-block-paragraph\">Para acessar os recursos, os munic\u00edpios precisam emitir um decreto de calamidade ou emerg\u00eancia e apresentar um plano de atua\u00e7\u00e3o aprovado pelo estado. O comit\u00ea n\u00e3o ficar\u00e1 restrito \u00e0 distribui\u00e7\u00e3o de \u00e1gua. Sa\u00fade, educa\u00e7\u00e3o, assist\u00eancia social e produ\u00e7\u00e3o rural fazem parte da agenda. Pela Emater-MG, produtores da regi\u00e3o receber\u00e3o suporte t\u00e9cnico e distribui\u00e7\u00e3o de sementes.<\/p>\n\n\n\n<p class=\"wp-block-paragraph\">&#8220;Esse comit\u00ea n\u00e3o vai cuidar s\u00f3 de \u00e1gua, vai cuidar de todas as a\u00e7\u00f5es integradas que dizem respeito ao El Ni\u00f1o&#8221;, completou Sim\u00f5es.<\/p>\n\n\n\n<h2 class=\"wp-block-heading\"><strong>Risco de queimadas \u00e9 alto at\u00e9 in\u00edcio de outubro<\/strong><\/h2>\n\n\n\n<p class=\"wp-block-paragraph\">A estiagem tamb\u00e9m eleva o alerta para inc\u00eandios. O subcomandante dos Bombeiros Militares de MG, ten.-cel. Carlos Marcelo de Almeida Gontijo, declarou ao O Tempo que o intervalo entre o in\u00edcio de setembro e o in\u00edcio de outubro \u00e9 o mais cr\u00edtico para esse tipo de ocorr\u00eancia.<\/p>\n\n\n\n<p class=\"wp-block-paragraph\">&#8220;\u00c9 importante que a popula\u00e7\u00e3o n\u00e3o fa\u00e7a nenhum tipo de queimada neste momento&#8221;, disse o oficial.<\/p>\n","protected":false},"excerpt":{"rendered":"<p>O Governo de Minas vai disponibilizar 80 caminh\u00f5es-pipa e 94 milh\u00f5es de litros de \u00e1gua para munic\u00edpios do Norte de Minas em situa\u00e7\u00e3o de calamidade. O governador Mateus Sim\u00f5es assinou nesta quarta-feira (2), em Montes Claros, o decreto que cria o Comit\u00ea El Ni\u00f1o. A quantidade equivale ao consumo de aproximadamente 215 mil pessoas abastecidas [&hellip;]<\/p>\n","protected":false},"author":4,"featured_media":8283,"comment_status":"closed","ping_status":"open","sticky":false,"template":"","format":"standard","meta":{"_acf_changed":false,"footnotes":""},"categories":[13],"tags":[],"class_list":["post-8280","post","type-post","status-publish","format-standard","has-post-thumbnail","hentry","category-regional"],"acf":{"subtitulo":"Decreto assinado em Montes Claros prev\u00ea 80 caminh\u00f5es-pipa para munic\u00edpios em calamidade no Norte de Minas","oculta_home":false,"leitura_rapida":""},"_links":{"self":[{"href":"https:\/\/diariodocomercio.com.br\/geral\/wp-json\/wp\/v2\/posts\/8280","targetHints":{"allow":["GET"]}}],"collection":[{"href":"https:\/\/diariodocomercio.com.br\/geral\/wp-json\/wp\/v2\/posts"}],"about":[{"href":"https:\/\/diariodocomercio.com.br\/geral\/wp-json\/wp\/v2\/types\/post"}],"author":[{"embeddable":true,"href":"https:\/\/diariodocomercio.com.br\/geral\/wp-json\/wp\/v2\/users\/4"}],"replies":[{"embeddable":true,"href":"https:\/\/diariodocomercio.com.br\/geral\/wp-json\/wp\/v2\/comments?post=8280"}],"version-history":[{"count":2,"href":"https:\/\/diariodocomercio.com.br\/geral\/wp-json\/wp\/v2\/posts\/8280\/revisions"}],"predecessor-version":[{"id":8282,"href":"https:\/\/diariodocomercio.com.br\/geral\/wp-json\/wp\/v2\/posts\/8280\/revisions\/8282"}],"wp:featuredmedia":[{"embeddable":true,"href":"https:\/\/diariodocomercio.com.br\/geral\/wp-json\/wp\/v2\/media\/8283"}],"wp:attachment":[{"href":"https:\/\/diariodocomercio.com.br\/geral\/wp-json\/wp\/v2\/media?parent=8280"}],"wp:term":[{"taxonomy":"category","embeddable":true,"href":"https:\/\/diariodocomercio.com.br\/geral\/wp-json\/wp\/v2\/categories?post=8280"},{"taxonomy":"post_tag","embeddable":true,"href":"https:\/\/diariodocomercio.com.br\/geral\/wp-json\/wp\/v2\/tags?post=8280"}],"curies":[{"name":"wp","href":"https:\/\/api.w.org\/{rel}","templated":true}]}}