{"id":8284,"date":"2026-09-02T14:42:08","date_gmt":"2026-09-02T17:42:08","guid":{"rendered":"https:\/\/diariodocomercio.com.br\/geral\/?p=8284"},"modified":"2026-09-02T14:42:09","modified_gmt":"2026-09-02T17:42:09","slug":"bh-hospital-veterinario-gratuito","status":"publish","type":"post","link":"https:\/\/diariodocomercio.com.br\/geral\/bh-hospital-veterinario-gratuito\/","title":{"rendered":"BH ganha novo hospital veterin\u00e1rio gratuito com UTI e cirurgia"},"content":{"rendered":"\n<p class=\"wp-block-paragraph\">Belo Horizonte ganhou, nesta quarta-feira (2), um centro de sa\u00fade animal gratuito com UTI, bloco cir\u00fargico e interna\u00e7\u00e3o para c\u00e3es e gatos. O Centro Avan\u00e7ado de Sa\u00fade Animal Odete Ferreira Martins (CASA) foi inaugurado pela <a href=\"https:\/\/prefeitura.pbh.gov.br\" target=\"_blank\" rel=\"noopener\">Prefeitura<\/a> no Campus Buritis da UniBH, na Regi\u00e3o Oeste, e abre ao p\u00fablico na quinta-feira (3).<\/p>\n\n\n\n<p class=\"wp-block-paragraph\">Com quase mil metros quadrados, o CASA substitui o Complexo P\u00fablico Veterin\u00e1rio (CPV), que funcionava no bairro Madre Gertrudes. A nova unidade concentra os casos que exigem maior grau de especializa\u00e7\u00e3o dentro da rede p\u00fablica municipal.<\/p>\n\n\n\n<p class=\"wp-block-paragraph\">O espa\u00e7o conta com bloco cir\u00fargico, UTI, consult\u00f3rios, triagem, farm\u00e1cia, sala de apoio psicol\u00f3gico para tutores e \u00e1rea de descanso para a equipe. C\u00e3es e gatos t\u00eam alas de interna\u00e7\u00e3o separadas. Exames de imagem e an\u00e1lises laboratoriais ficam a cargo da UniBH.<\/p>\n\n\n\n<p class=\"wp-block-paragraph\">O servi\u00e7o \u00e9 destinado a pets cujos tutores n\u00e3o t\u00eam condi\u00e7\u00f5es de arcar com atendimento veterin\u00e1rio privado.<\/p>\n\n\n\n<h2 class=\"wp-block-heading\"><strong>Como funciona o atendimento no hospital veterin\u00e1rio<\/strong><\/h2>\n\n\n\n<p class=\"wp-block-paragraph\">O CASA funciona de segunda a sexta-feira, das 8h \u00e0s 17h. S\u00e3o 45 senhas di\u00e1rias, distribu\u00eddas por ordem de chegada. D\u00favidas sobre consultas, fila de cirurgias, interna\u00e7\u00f5es e atendimentos podem ser esclarecidas pelo telefone 2888-0909, ramal 2.<\/p>\n\n\n\n<p class=\"wp-block-paragraph\">O im\u00f3vel do antigo CPV, no Madre Gertrudes, passa a funcionar exclusivamente como base do SAMUVet, Servi\u00e7o de Atendimento M\u00f3vel de Urg\u00eancia e Emerg\u00eancia Veterin\u00e1ria, pelo n\u00famero 2888-0000. Depois de ligar, a equipe retorna via WhatsApp para coletar imagens e informa\u00e7\u00f5es antes de definir o atendimento.<\/p>\n\n\n\n<p class=\"wp-block-paragraph\">Para consultas eletivas e procedimentos de baixa complexidade, o endere\u00e7o \u00e9 a UBS Animal, na Rua Volts, 81, bairro Primeiro de Maio. Os agendamentos podem ser realizados pelo 2888-0909, ramal 3, de segunda a sexta, das 8h \u00e0s 17h.<\/p>\n","protected":false},"excerpt":{"rendered":"<p>Belo Horizonte ganhou, nesta quarta-feira (2), um centro de sa\u00fade animal gratuito com UTI, bloco cir\u00fargico e interna\u00e7\u00e3o para c\u00e3es e gatos. O Centro Avan\u00e7ado de Sa\u00fade Animal Odete Ferreira Martins (CASA) foi inaugurado pela Prefeitura no Campus Buritis da UniBH, na Regi\u00e3o Oeste, e abre ao p\u00fablico na quinta-feira (3). Com quase mil metros [&hellip;]<\/p>\n","protected":false},"author":4,"featured_media":8285,"comment_status":"closed","ping_status":"open","sticky":false,"template":"","format":"standard","meta":{"_acf_changed":false,"footnotes":""},"categories":[11],"tags":[],"class_list":["post-8284","post","type-post","status-publish","format-standard","has-post-thumbnail","hentry","category-cidades"],"acf":{"subtitulo":"Unidade no Campus Buritis da UniBH atender\u00e1 c\u00e3es e gatos a partir desta quinta-feira (3)","oculta_home":false,"leitura_rapida":""},"_links":{"self":[{"href":"https:\/\/diariodocomercio.com.br\/geral\/wp-json\/wp\/v2\/posts\/8284","targetHints":{"allow":["GET"]}}],"collection":[{"href":"https:\/\/diariodocomercio.com.br\/geral\/wp-json\/wp\/v2\/posts"}],"about":[{"href":"https:\/\/diariodocomercio.com.br\/geral\/wp-json\/wp\/v2\/types\/post"}],"author":[{"embeddable":true,"href":"https:\/\/diariodocomercio.com.br\/geral\/wp-json\/wp\/v2\/users\/4"}],"replies":[{"embeddable":true,"href":"https:\/\/diariodocomercio.com.br\/geral\/wp-json\/wp\/v2\/comments?post=8284"}],"version-history":[{"count":5,"href":"https:\/\/diariodocomercio.com.br\/geral\/wp-json\/wp\/v2\/posts\/8284\/revisions"}],"predecessor-version":[{"id":8290,"href":"https:\/\/diariodocomercio.com.br\/geral\/wp-json\/wp\/v2\/posts\/8284\/revisions\/8290"}],"wp:featuredmedia":[{"embeddable":true,"href":"https:\/\/diariodocomercio.com.br\/geral\/wp-json\/wp\/v2\/media\/8285"}],"wp:attachment":[{"href":"https:\/\/diariodocomercio.com.br\/geral\/wp-json\/wp\/v2\/media?parent=8284"}],"wp:term":[{"taxonomy":"category","embeddable":true,"href":"https:\/\/diariodocomercio.com.br\/geral\/wp-json\/wp\/v2\/categories?post=8284"},{"taxonomy":"post_tag","embeddable":true,"href":"https:\/\/diariodocomercio.com.br\/geral\/wp-json\/wp\/v2\/tags?post=8284"}],"curies":[{"name":"wp","href":"https:\/\/api.w.org\/{rel}","templated":true}]}}