{"id":8291,"date":"2026-09-02T15:00:00","date_gmt":"2026-09-02T18:00:00","guid":{"rendered":"https:\/\/diariodocomercio.com.br\/geral\/?p=8291"},"modified":"2026-09-02T14:54:25","modified_gmt":"2026-09-02T17:54:25","slug":"mariana-preservacao-patrimonio-cultural-icms","status":"publish","type":"post","link":"https:\/\/diariodocomercio.com.br\/geral\/mariana-preservacao-patrimonio-cultural-icms\/","title":{"rendered":"Mariana lidera a preserva\u00e7\u00e3o do patrim\u00f4nio cultural de Minas Gerais mais uma vez"},"content":{"rendered":"\n<p class=\"wp-block-paragraph\">Mariana, na Regi\u00e3o Central de Minas Gerais, conquistou pela 17\u00ba vez o primeiro lugar entre os munic\u00edpios mineiros que mais se destacam na preserva\u00e7\u00e3o do patrim\u00f4nio cultural. O reconhecimento consta nos dados do Instituto Estadual do Patrim\u00f4nio Hist\u00f3rico e Art\u00edstico de Minas Gerais (Iepha-MG) referentes ao ICMS Cultural, exerc\u00edcio de 2027. A cidade atingiu 67,80 pontos e, com isso, mant\u00e9m a lideran\u00e7a estadual h\u00e1 quase duas d\u00e9cadas.<\/p>\n\n\n\n<p class=\"wp-block-paragraph\">O ICMS Cultural \u00e9 uma pol\u00edtica do <a href=\"https:\/\/www.mg.gov.br\/\" target=\"_blank\" rel=\"noopener\">Governo de Minas<\/a> que incentiva os munic\u00edpios a desenvolver a\u00e7\u00f5es permanentes de preserva\u00e7\u00e3o do patrim\u00f4nio cultural, distribuindo recursos proporcionalmente \u00e0 pontua\u00e7\u00e3o obtida por cada cidade. Quanto maior a pontua\u00e7\u00e3o, maior a parcela recebida.<\/p>\n\n\n\n<h2 class=\"wp-block-heading\"><strong>O que coloca Mariana no topo do ranking<\/strong><\/h2>\n\n\n\n<p class=\"wp-block-paragraph\">A lideran\u00e7a de Mariana est\u00e1 associada \u00e0 continuidade das pol\u00edticas p\u00fablicas de prote\u00e7\u00e3o, restaura\u00e7\u00e3o e valoriza\u00e7\u00e3o do patrim\u00f4nio cultural ao longo dos anos.&nbsp;<\/p>\n\n\n\n<p class=\"wp-block-paragraph\">Entre os fatores que justificam o desempenho est\u00e3o a exist\u00eancia de n\u00facleos urbanos tombados, como o Centro Hist\u00f3rico de Mariana e o n\u00facleo urbano de Santa Rita Dur\u00e3o, al\u00e9m dos investimentos em manifesta\u00e7\u00f5es culturais e obras de restaura\u00e7\u00e3o de bens hist\u00f3ricos.<\/p>\n\n\n\n<p class=\"wp-block-paragraph\">Os recursos recebidos por meio do ICMS Cultural s\u00e3o destinados ao Fundo Municipal de Patrim\u00f4nio Cultural (FUMPAC), vinculado ao Conselho Municipal de Patrim\u00f4nio Cultural (Compat). Atualmente, o munic\u00edpio tem dezenas de obras e a\u00e7\u00f5es de recupera\u00e7\u00e3o de bens culturais em andamento.<\/p>\n\n\n\n<p class=\"wp-block-paragraph\">Entre os investimentos recentes financiados pelo FUMPAC est\u00e3o a restaura\u00e7\u00e3o da Capela de Nossa Senhora da Gl\u00f3ria, em Barro Branco, a destina\u00e7\u00e3o de recursos para a recupera\u00e7\u00e3o da Igreja de Nossa Senhora do Ros\u00e1rio, em Padre Viegas, e um projeto que prev\u00ea a reativa\u00e7\u00e3o das fontes hist\u00f3ricas do Centro Hist\u00f3rico de Mariana.<\/p>\n","protected":false},"excerpt":{"rendered":"<p>Mariana, na Regi\u00e3o Central de Minas Gerais, conquistou pela 17\u00ba vez o primeiro lugar entre os munic\u00edpios mineiros que mais se destacam na preserva\u00e7\u00e3o do patrim\u00f4nio cultural. O reconhecimento consta nos dados do Instituto Estadual do Patrim\u00f4nio Hist\u00f3rico e Art\u00edstico de Minas Gerais (Iepha-MG) referentes ao ICMS Cultural, exerc\u00edcio de 2027. A cidade atingiu 67,80 [&hellip;]<\/p>\n","protected":false},"author":3,"featured_media":8292,"comment_status":"closed","ping_status":"open","sticky":false,"template":"","format":"standard","meta":{"_acf_changed":false,"footnotes":""},"categories":[1,13],"tags":[],"class_list":["post-8291","post","type-post","status-publish","format-standard","has-post-thumbnail","hentry","category-geral","category-regional"],"acf":{"subtitulo":"Cidade ocupa o 1\u00ba lugar pelo 17\u00aa vez no ICMS Cultural do Iepha-MG, com 67,80 pontos","oculta_home":false,"leitura_rapida":""},"_links":{"self":[{"href":"https:\/\/diariodocomercio.com.br\/geral\/wp-json\/wp\/v2\/posts\/8291","targetHints":{"allow":["GET"]}}],"collection":[{"href":"https:\/\/diariodocomercio.com.br\/geral\/wp-json\/wp\/v2\/posts"}],"about":[{"href":"https:\/\/diariodocomercio.com.br\/geral\/wp-json\/wp\/v2\/types\/post"}],"author":[{"embeddable":true,"href":"https:\/\/diariodocomercio.com.br\/geral\/wp-json\/wp\/v2\/users\/3"}],"replies":[{"embeddable":true,"href":"https:\/\/diariodocomercio.com.br\/geral\/wp-json\/wp\/v2\/comments?post=8291"}],"version-history":[{"count":1,"href":"https:\/\/diariodocomercio.com.br\/geral\/wp-json\/wp\/v2\/posts\/8291\/revisions"}],"predecessor-version":[{"id":8293,"href":"https:\/\/diariodocomercio.com.br\/geral\/wp-json\/wp\/v2\/posts\/8291\/revisions\/8293"}],"wp:featuredmedia":[{"embeddable":true,"href":"https:\/\/diariodocomercio.com.br\/geral\/wp-json\/wp\/v2\/media\/8292"}],"wp:attachment":[{"href":"https:\/\/diariodocomercio.com.br\/geral\/wp-json\/wp\/v2\/media?parent=8291"}],"wp:term":[{"taxonomy":"category","embeddable":true,"href":"https:\/\/diariodocomercio.com.br\/geral\/wp-json\/wp\/v2\/categories?post=8291"},{"taxonomy":"post_tag","embeddable":true,"href":"https:\/\/diariodocomercio.com.br\/geral\/wp-json\/wp\/v2\/tags?post=8291"}],"curies":[{"name":"wp","href":"https:\/\/api.w.org\/{rel}","templated":true}]}}