{"id":8294,"date":"2026-09-02T15:38:04","date_gmt":"2026-09-02T18:38:04","guid":{"rendered":"https:\/\/diariodocomercio.com.br\/geral\/?p=8294"},"modified":"2026-09-02T15:38:06","modified_gmt":"2026-09-02T18:38:06","slug":"justica-condena-copasa-a-pagar-r-300-milhoes-para-bh","status":"publish","type":"post","link":"https:\/\/diariodocomercio.com.br\/geral\/justica-condena-copasa-a-pagar-r-300-milhoes-para-bh\/","title":{"rendered":"Copasa \u00e9 obrigada a pagar R$ 300 milh\u00f5es para recuperar danos causados em BH"},"content":{"rendered":"\n<p class=\"wp-block-paragraph\">O Tribunal de Justi\u00e7a de Minas Gerais condenou a <a href=\"https:\/\/www.copasa.com.br\/wps\/portal\/internet\/\" target=\"_blank\" rel=\"noopener\">Copasa<\/a> (Companhia de Saneamento de Minas Gerais) a pagar R$ 300 milh\u00f5es para a recupera\u00e7\u00e3o e manuten\u00e7\u00e3o de vias p\u00fablicas de Belo Horizonte danificadas por obras realizadas pela empresa sem a recomposi\u00e7\u00e3o adequada do pavimento. O acordo, assinado nesta ter\u00e7a-feira (1\u00ba) e ainda sujeito \u00e0 homologa\u00e7\u00e3o judicial, foi resultado de a\u00e7\u00e3o movida pelo Minist\u00e9rio P\u00fablico, que fiscalizar\u00e1 o cumprimento das obriga\u00e7\u00f5es pelos pr\u00f3ximos cinco anos.<\/p>\n\n\n\n<p class=\"wp-block-paragraph\">A Justi\u00e7a havia determinado que a Copasa reparasse as vias onde realizou interven\u00e7\u00f5es desde 2010 em desacordo com a legisla\u00e7\u00e3o municipal, sem a devida recomposi\u00e7\u00e3o do pavimento ap\u00f3s as obras.<\/p>\n\n\n\n<h2 class=\"wp-block-heading\"><strong>Como o repasse da Copasa ser\u00e1 feito<\/strong><\/h2>\n\n\n\n<p class=\"wp-block-paragraph\">O valor total de R$ 300 milh\u00f5es ser\u00e1 pago em tr\u00eas parcelas de R$ 100 milh\u00f5es cada, com corre\u00e7\u00e3o anual pelo IPCA. A primeira parcela dever\u00e1 ser repassada em at\u00e9 30 dias ap\u00f3s a homologa\u00e7\u00e3o do acordo. As demais est\u00e3o previstas para 30 de abril de 2027 e 31 de janeiro de 2028.<\/p>\n\n\n\n<p class=\"wp-block-paragraph\">Os recursos ser\u00e3o destinados exclusivamente a obras de recupera\u00e7\u00e3o e manuten\u00e7\u00e3o das ruas afetadas pelas interven\u00e7\u00f5es da Copasa e funcionar\u00e3o como um adicional aos investimentos que a Prefeitura de BH j\u00e1 destina \u00e0 conserva\u00e7\u00e3o das vias, sem substitu\u00ed-los.<\/p>\n\n\n\n<p class=\"wp-block-paragraph\">A Prefeitura de Belo Horizonte dever\u00e1 elaborar um cronograma para aplica\u00e7\u00e3o dos recursos, adotar crit\u00e9rios t\u00e9cnicos para a gest\u00e3o dos pavimentos e prestar contas periodicamente ao Minist\u00e9rio P\u00fablico.&nbsp;<\/p>\n\n\n\n<p class=\"wp-block-paragraph\">Uma auditoria t\u00e9cnica independente avaliar\u00e1 anualmente pelo menos 20% das interven\u00e7\u00f5es realizadas pela Copasa nas vias da capital, com os relat\u00f3rios encaminhados ao Minist\u00e9rio P\u00fablico de Minas Gerais (MPMG).<\/p>\n","protected":false},"excerpt":{"rendered":"<p>O Tribunal de Justi\u00e7a de Minas Gerais condenou a Copasa (Companhia de Saneamento de Minas Gerais) a pagar R$ 300 milh\u00f5es para a recupera\u00e7\u00e3o e manuten\u00e7\u00e3o de vias p\u00fablicas de Belo Horizonte danificadas por obras realizadas pela empresa sem a recomposi\u00e7\u00e3o adequada do pavimento. O acordo, assinado nesta ter\u00e7a-feira (1\u00ba) e ainda sujeito \u00e0 homologa\u00e7\u00e3o [&hellip;]<\/p>\n","protected":false},"author":3,"featured_media":6874,"comment_status":"closed","ping_status":"open","sticky":false,"template":"","format":"standard","meta":{"_acf_changed":false,"footnotes":""},"categories":[9,11],"tags":[],"class_list":["post-8294","post","type-post","status-publish","format-standard","has-post-thumbnail","hentry","category-economia","category-cidades"],"acf":{"subtitulo":"Acordo assinado nesta ter\u00e7a (1) prev\u00ea pagamento em tr\u00eas parcelas de R$ 100 milh\u00f5es","oculta_home":false,"leitura_rapida":""},"_links":{"self":[{"href":"https:\/\/diariodocomercio.com.br\/geral\/wp-json\/wp\/v2\/posts\/8294","targetHints":{"allow":["GET"]}}],"collection":[{"href":"https:\/\/diariodocomercio.com.br\/geral\/wp-json\/wp\/v2\/posts"}],"about":[{"href":"https:\/\/diariodocomercio.com.br\/geral\/wp-json\/wp\/v2\/types\/post"}],"author":[{"embeddable":true,"href":"https:\/\/diariodocomercio.com.br\/geral\/wp-json\/wp\/v2\/users\/3"}],"replies":[{"embeddable":true,"href":"https:\/\/diariodocomercio.com.br\/geral\/wp-json\/wp\/v2\/comments?post=8294"}],"version-history":[{"count":1,"href":"https:\/\/diariodocomercio.com.br\/geral\/wp-json\/wp\/v2\/posts\/8294\/revisions"}],"predecessor-version":[{"id":8296,"href":"https:\/\/diariodocomercio.com.br\/geral\/wp-json\/wp\/v2\/posts\/8294\/revisions\/8296"}],"wp:featuredmedia":[{"embeddable":true,"href":"https:\/\/diariodocomercio.com.br\/geral\/wp-json\/wp\/v2\/media\/6874"}],"wp:attachment":[{"href":"https:\/\/diariodocomercio.com.br\/geral\/wp-json\/wp\/v2\/media?parent=8294"}],"wp:term":[{"taxonomy":"category","embeddable":true,"href":"https:\/\/diariodocomercio.com.br\/geral\/wp-json\/wp\/v2\/categories?post=8294"},{"taxonomy":"post_tag","embeddable":true,"href":"https:\/\/diariodocomercio.com.br\/geral\/wp-json\/wp\/v2\/tags?post=8294"}],"curies":[{"name":"wp","href":"https:\/\/api.w.org\/{rel}","templated":true}]}}