{"id":8295,"date":"2026-09-02T16:00:00","date_gmt":"2026-09-02T19:00:00","guid":{"rendered":"https:\/\/diariodocomercio.com.br\/geral\/?p=8295"},"modified":"2026-09-02T15:48:19","modified_gmt":"2026-09-02T18:48:19","slug":"atendimento-juridico-gratuito-pcd-bh","status":"publish","type":"post","link":"https:\/\/diariodocomercio.com.br\/geral\/atendimento-juridico-gratuito-pcd-bh\/","title":{"rendered":"Defensoria de BH oferece atendimento jur\u00eddico gratuito para pessoas com defici\u00eancia"},"content":{"rendered":"\n<p class=\"wp-block-paragraph\">A <a href=\"https:\/\/defensoria.mg.def.br\/\" target=\"_blank\" rel=\"noopener\">Defensoria P\u00fablica de Minas Gerais<\/a> (DPMG) realizar\u00e1 atendimento jur\u00eddico gratuito para pessoas com defici\u00eancia e seus familiares em Belo Horizonte no dia 26 de setembro. O atendimento acontece das 9h \u00e0s 12h, na Pra\u00e7a do Cardoso, no bairro Serra.&nbsp;<\/p>\n\n\n\n<p class=\"wp-block-paragraph\">Os participantes poder\u00e3o ser orientados sobre rela\u00e7\u00f5es familiares e sucess\u00e3o, sa\u00fade, quest\u00f5es civis e criminais e situa\u00e7\u00f5es envolvendo crian\u00e7as e adolescentes.&nbsp;<\/p>\n\n\n\n<p class=\"wp-block-paragraph\">A a\u00e7\u00e3o integra o Setembro Verde, campanha nacional de inclus\u00e3o e defesa dos direitos das pessoas com defici\u00eancia ligada ao Dia Nacional de Luta da Pessoa com Defici\u00eancia, celebrado em 21 de setembro.<\/p>\n\n\n\n<h2 class=\"wp-block-heading\"><strong>Outros servi\u00e7os dispon\u00edveis no evento<\/strong><\/h2>\n\n\n\n<p class=\"wp-block-paragraph\">Organiza\u00e7\u00f5es parceiras tamb\u00e9m estar\u00e3o no local. A programa\u00e7\u00e3o inclui emiss\u00e3o da Carteira de Identifica\u00e7\u00e3o da Pessoa com Transtorno do Espectro Autista (CIPTEA), orienta\u00e7\u00f5es de sa\u00fade e primeiros socorros, al\u00e9m de recrea\u00e7\u00e3o e distribui\u00e7\u00e3o de materiais educativos. O 21\u00ba Grupo Escoteiro Mangabeiras (GEMAN) participa com atividades escoteiras.<\/p>\n\n\n\n<h2 class=\"wp-block-heading\"><strong>O que levar para o atendimento jur\u00eddico gratuito<\/strong><\/h2>\n\n\n\n<p class=\"wp-block-paragraph\">Para n\u00e3o perder o atendimento por falta de documenta\u00e7\u00e3o, tenha em m\u00e3os documento oficial com foto, CPF, comprovante de resid\u00eancia e de renda e certid\u00e3o de nascimento dos filhos. Certid\u00e3o de casamento e outros documentos relacionados ao caso tamb\u00e9m podem ser \u00fateis.<\/p>\n","protected":false},"excerpt":{"rendered":"<p>A Defensoria P\u00fablica de Minas Gerais (DPMG) realizar\u00e1 atendimento jur\u00eddico gratuito para pessoas com defici\u00eancia e seus familiares em Belo Horizonte no dia 26 de setembro. O atendimento acontece das 9h \u00e0s 12h, na Pra\u00e7a do Cardoso, no bairro Serra.&nbsp; Os participantes poder\u00e3o ser orientados sobre rela\u00e7\u00f5es familiares e sucess\u00e3o, sa\u00fade, quest\u00f5es civis e criminais [&hellip;]<\/p>\n","protected":false},"author":4,"featured_media":8299,"comment_status":"closed","ping_status":"open","sticky":false,"template":"","format":"standard","meta":{"_acf_changed":false,"footnotes":""},"categories":[11],"tags":[],"class_list":["post-8295","post","type-post","status-publish","format-standard","has-post-thumbnail","hentry","category-cidades"],"acf":{"subtitulo":"DPMG orienta sobre sa\u00fade, fam\u00edlia e quest\u00f5es criminais; familiares de pessoas com defici\u00eancia tamb\u00e9m s\u00e3o atendidos","oculta_home":false,"leitura_rapida":""},"_links":{"self":[{"href":"https:\/\/diariodocomercio.com.br\/geral\/wp-json\/wp\/v2\/posts\/8295","targetHints":{"allow":["GET"]}}],"collection":[{"href":"https:\/\/diariodocomercio.com.br\/geral\/wp-json\/wp\/v2\/posts"}],"about":[{"href":"https:\/\/diariodocomercio.com.br\/geral\/wp-json\/wp\/v2\/types\/post"}],"author":[{"embeddable":true,"href":"https:\/\/diariodocomercio.com.br\/geral\/wp-json\/wp\/v2\/users\/4"}],"replies":[{"embeddable":true,"href":"https:\/\/diariodocomercio.com.br\/geral\/wp-json\/wp\/v2\/comments?post=8295"}],"version-history":[{"count":2,"href":"https:\/\/diariodocomercio.com.br\/geral\/wp-json\/wp\/v2\/posts\/8295\/revisions"}],"predecessor-version":[{"id":8298,"href":"https:\/\/diariodocomercio.com.br\/geral\/wp-json\/wp\/v2\/posts\/8295\/revisions\/8298"}],"wp:featuredmedia":[{"embeddable":true,"href":"https:\/\/diariodocomercio.com.br\/geral\/wp-json\/wp\/v2\/media\/8299"}],"wp:attachment":[{"href":"https:\/\/diariodocomercio.com.br\/geral\/wp-json\/wp\/v2\/media?parent=8295"}],"wp:term":[{"taxonomy":"category","embeddable":true,"href":"https:\/\/diariodocomercio.com.br\/geral\/wp-json\/wp\/v2\/categories?post=8295"},{"taxonomy":"post_tag","embeddable":true,"href":"https:\/\/diariodocomercio.com.br\/geral\/wp-json\/wp\/v2\/tags?post=8295"}],"curies":[{"name":"wp","href":"https:\/\/api.w.org\/{rel}","templated":true}]}}