{"id":8300,"date":"2026-09-02T16:45:00","date_gmt":"2026-09-02T19:45:00","guid":{"rendered":"https:\/\/diariodocomercio.com.br\/geral\/?p=8300"},"modified":"2026-09-02T16:36:31","modified_gmt":"2026-09-02T19:36:31","slug":"santa-luzia-concurso-publico-349-vagas","status":"publish","type":"post","link":"https:\/\/diariodocomercio.com.br\/geral\/santa-luzia-concurso-publico-349-vagas\/","title":{"rendered":"Justi\u00e7a obriga munic\u00edpio mineiro da RMBH a publicar concurso p\u00fablico com 349 vagas"},"content":{"rendered":"\n<p class=\"wp-block-paragraph\">A Justi\u00e7a determinou que o munic\u00edpio de Santa Luzia, na Regi\u00e3o Metropolitana de Belo Horizonte (RMBH), publique um novo edital de concurso p\u00fablico com, no m\u00ednimo, 349 vagas. A decis\u00e3o liminar foi proferida pela 4\u00aa Vara C\u00edvel da Comarca de Santa Luzia ap\u00f3s a\u00e7\u00e3o apresentada pelo <a href=\"https:\/\/www.mpmg.mp.br\/portal\/\" target=\"_blank\" rel=\"noopener\">Minist\u00e9rio P\u00fablico de Minas Gerais (MPMG)<\/a>.<\/p>\n\n\n\n<p class=\"wp-block-paragraph\">A prefeitura ter\u00e1 prazo m\u00e1ximo de 30 dias para publicar o edital. A determina\u00e7\u00e3o ocorre ap\u00f3s o cancelamento de um concurso que havia sido planejado pelo munic\u00edpio em 2024 e que recebeu mais de 17 mil inscri\u00e7\u00f5es.<\/p>\n\n\n\n<h2 class=\"wp-block-heading\"><strong>Concurso anterior foi cancelado em 2025<\/strong><\/h2>\n\n\n\n<p class=\"wp-block-paragraph\">O caso teve in\u00edcio com o concurso previsto no Edital n\u00ba 001\/2024. O certame foi contratado pela Prefeitura de Santa Luzia em maio daquele ano, pelo valor de R$ 1,6 milh\u00e3o, e previa 320 vagas para contrata\u00e7\u00e3o imediata, al\u00e9m de outras 51 destinadas \u00e0 forma\u00e7\u00e3o de cadastro de reserva.<\/p>\n\n\n\n<p class=\"wp-block-paragraph\">Ao todo, 17.704 candidatos se inscreveram no concurso. No entanto, ap\u00f3s a mudan\u00e7a da gest\u00e3o municipal, o certame foi suspenso por 120 dias em janeiro de 2025. Em maio do mesmo ano, a administra\u00e7\u00e3o decidiu pelo cancelamento definitivo da sele\u00e7\u00e3o.<\/p>\n\n\n\n<p class=\"wp-block-paragraph\">A decis\u00e3o judicial n\u00e3o considera, necessariamente, irregular a anula\u00e7\u00e3o do concurso anterior. O ponto central da a\u00e7\u00e3o est\u00e1 na demora do munic\u00edpio para realizar uma nova sele\u00e7\u00e3o destinada a preencher cargos considerados essenciais para o funcionamento da administra\u00e7\u00e3o p\u00fablica.<\/p>\n\n\n\n<h2 class=\"wp-block-heading\"><strong>Novos prazos foram adiados<\/strong><\/h2>\n\n\n\n<p class=\"wp-block-paragraph\">Em 2025, o MPMG j\u00e1 havia expedido uma recomenda\u00e7\u00e3o para que a Prefeitura de Santa Luzia publicasse um novo edital no prazo de 90 dias. O munic\u00edpio aceitou a recomenda\u00e7\u00e3o em novembro, mas n\u00e3o cumpriu o prazo estabelecido.<\/p>\n\n\n\n<p class=\"wp-block-paragraph\">Ap\u00f3s o descumprimento da recomenda\u00e7\u00e3o, a administra\u00e7\u00e3o municipal se comprometeu novamente a lan\u00e7ar o concurso. O edital chegou a ser previsto para abril deste ano e, posteriormente, para junho.<\/p>\n\n\n\n<p class=\"wp-block-paragraph\">Na \u00faltima ocasi\u00e3o, a prefeitura chegou a informar que havia contratado a institui\u00e7\u00e3o respons\u00e1vel pela organiza\u00e7\u00e3o do concurso, e mesmo assim, o edital n\u00e3o foi publicado.<\/p>\n\n\n\n<p class=\"wp-block-paragraph\">Para o juiz respons\u00e1vel pela decis\u00e3o, a contrata\u00e7\u00e3o da banca organizadora, por si s\u00f3, n\u00e3o encerra a quest\u00e3o, pois o objetivo da a\u00e7\u00e3o \u00e9 assegurar que o munic\u00edpio efetivamente publique o edital e d\u00ea andamento \u00e0 realiza\u00e7\u00e3o do concurso p\u00fablico.<\/p>\n\n\n\n<p class=\"wp-block-paragraph\">Segundo o MPMG, outro fator considerado no processo foi a rela\u00e7\u00e3o entre o n\u00famero de servidores efetivos e o volume de cargos ocupados por funcion\u00e1rios comissionados e tempor\u00e1rios no munic\u00edpio.<\/p>\n\n\n\n<p class=\"wp-block-paragraph\">Para o \u00f3rg\u00e3o, a situa\u00e7\u00e3o refor\u00e7a a necessidade de realiza\u00e7\u00e3o de um novo concurso para garantir o preenchimento de vagas por servidores aprovados em sele\u00e7\u00e3o p\u00fablica.<\/p>\n","protected":false},"excerpt":{"rendered":"<p>A Justi\u00e7a determinou que o munic\u00edpio de Santa Luzia, na Regi\u00e3o Metropolitana de Belo Horizonte (RMBH), publique um novo edital de concurso p\u00fablico com, no m\u00ednimo, 349 vagas. A decis\u00e3o liminar foi proferida pela 4\u00aa Vara C\u00edvel da Comarca de Santa Luzia ap\u00f3s a\u00e7\u00e3o apresentada pelo Minist\u00e9rio P\u00fablico de Minas Gerais (MPMG). A prefeitura ter\u00e1 [&hellip;]<\/p>\n","protected":false},"author":3,"featured_media":4889,"comment_status":"closed","ping_status":"open","sticky":false,"template":"","format":"standard","meta":{"_acf_changed":false,"footnotes":""},"categories":[11,1],"tags":[],"class_list":["post-8300","post","type-post","status-publish","format-standard","has-post-thumbnail","hentry","category-cidades","category-geral"],"acf":{"subtitulo":"Decis\u00e3o liminar estabelece prazo de 30 dias para que a Prefeitura de Santa Luzia lance edital; munic\u00edpio j\u00e1 havia prometido novo certame, mas descumpriu prazos","oculta_home":false,"leitura_rapida":""},"_links":{"self":[{"href":"https:\/\/diariodocomercio.com.br\/geral\/wp-json\/wp\/v2\/posts\/8300","targetHints":{"allow":["GET"]}}],"collection":[{"href":"https:\/\/diariodocomercio.com.br\/geral\/wp-json\/wp\/v2\/posts"}],"about":[{"href":"https:\/\/diariodocomercio.com.br\/geral\/wp-json\/wp\/v2\/types\/post"}],"author":[{"embeddable":true,"href":"https:\/\/diariodocomercio.com.br\/geral\/wp-json\/wp\/v2\/users\/3"}],"replies":[{"embeddable":true,"href":"https:\/\/diariodocomercio.com.br\/geral\/wp-json\/wp\/v2\/comments?post=8300"}],"version-history":[{"count":1,"href":"https:\/\/diariodocomercio.com.br\/geral\/wp-json\/wp\/v2\/posts\/8300\/revisions"}],"predecessor-version":[{"id":8301,"href":"https:\/\/diariodocomercio.com.br\/geral\/wp-json\/wp\/v2\/posts\/8300\/revisions\/8301"}],"wp:featuredmedia":[{"embeddable":true,"href":"https:\/\/diariodocomercio.com.br\/geral\/wp-json\/wp\/v2\/media\/4889"}],"wp:attachment":[{"href":"https:\/\/diariodocomercio.com.br\/geral\/wp-json\/wp\/v2\/media?parent=8300"}],"wp:term":[{"taxonomy":"category","embeddable":true,"href":"https:\/\/diariodocomercio.com.br\/geral\/wp-json\/wp\/v2\/categories?post=8300"},{"taxonomy":"post_tag","embeddable":true,"href":"https:\/\/diariodocomercio.com.br\/geral\/wp-json\/wp\/v2\/tags?post=8300"}],"curies":[{"name":"wp","href":"https:\/\/api.w.org\/{rel}","templated":true}]}}