{"id":8302,"date":"2026-09-02T17:00:00","date_gmt":"2026-09-02T20:00:00","guid":{"rendered":"https:\/\/diariodocomercio.com.br\/geral\/?p=8302"},"modified":"2026-09-02T16:53:04","modified_gmt":"2026-09-02T19:53:04","slug":"pessoas-desaparecidas-em-minas-gerais","status":"publish","type":"post","link":"https:\/\/diariodocomercio.com.br\/geral\/pessoas-desaparecidas-em-minas-gerais\/","title":{"rendered":"N\u00famero de pessoas desaparecidas em Minas Gerais bate recorde em 10 anos"},"content":{"rendered":"\n<p class=\"wp-block-paragraph\">O n\u00famero de pessoas desaparecidas em Minas Gerais no primeiro semestre de 2026 foi o maior em dez anos. Foram 4.864 registros entre janeiro e junho, segundo o <a href=\"https:\/\/www.gov.br\/mj\/pt-br\/acesso-a-informacao\/acoes-e-programas\/desaparecidos\" target=\"_blank\" rel=\"noopener\">Minist\u00e9rio da Justi\u00e7a e Seguran\u00e7a P\u00fablica<\/a>.<\/p>\n\n\n\n<p class=\"wp-block-paragraph\">O resultado fica 14% acima da m\u00e9dia hist\u00f3rica dos primeiros semestres da \u00faltima d\u00e9cada, calculada em 4.254 casos. Frente ao 1\u00ba semestre de 2024, o menor da s\u00e9rie, o crescimento chega a 48%. Minas \u00e9 o segundo estado com mais casos no pa\u00eds, atr\u00e1s de S\u00e3o Paulo, que somou mais de 10 mil no mesmo intervalo.<\/p>\n\n\n\n<p class=\"wp-block-paragraph\">No Brasil, o mesmo per\u00edodo chegou a 43.910 ocorr\u00eancias, com 242 casos por dia. A cada seis minutos, um desaparecimento foi registrado em algum ponto do pa\u00eds. Trinta por cento das v\u00edtimas t\u00eam menos de 18 anos, conforme os dados federais.<\/p>\n\n\n\n<h2 class=\"wp-block-heading\"><strong>Como registrar e divulgar o desaparecimento<\/strong><\/h2>\n\n\n\n<p class=\"wp-block-paragraph\">Familiares e amigos que perceberem o desaparecimento de algu\u00e9m devem registrar um boletim de ocorr\u00eancia imediatamente na delegacia mais pr\u00f3xima. A <a href=\"https:\/\/www.planalto.gov.br\/ccivil_03\/_ato2019-2022\/2019\/lei\/l13812.htm\" target=\"_blank\" rel=\"noopener\">Lei 13.812\/2019<\/a> n\u00e3o exige prazo m\u00ednimo de espera.<\/p>\n\n\n\n<p class=\"wp-block-paragraph\">No registro, \u00e9 necess\u00e1rio descrever a apar\u00eancia f\u00edsica da pessoa, altura, cor do cabelo, roupa que vestia. Se tiver uma foto recente, leve tamb\u00e9m.&nbsp;<\/p>\n\n\n\n<p class=\"wp-block-paragraph\">Para divulgar o caso, o Minist\u00e9rio da Justi\u00e7a orienta usar somente os canais indicados pela pol\u00edcia, medida que reduz a ocorr\u00eancia de trotes e golpes.<\/p>\n\n\n\n<p class=\"wp-block-paragraph\">Familiares podem ainda <a href=\"https:\/\/diariodocomercio.com.br\/geral\/dna-de-familiares-de-desaparecidos\/\">coletar DNA gratuitamente nos postos de per\u00edcia de MG<\/a> ao longo do ano. O material \u00e9 cruzado com perfis de pessoas encontradas sem identifica\u00e7\u00e3o.<\/p>\n","protected":false},"excerpt":{"rendered":"<p>O n\u00famero de pessoas desaparecidas em Minas Gerais no primeiro semestre de 2026 foi o maior em dez anos. Foram 4.864 registros entre janeiro e junho, segundo o Minist\u00e9rio da Justi\u00e7a e Seguran\u00e7a P\u00fablica. O resultado fica 14% acima da m\u00e9dia hist\u00f3rica dos primeiros semestres da \u00faltima d\u00e9cada, calculada em 4.254 casos. Frente ao 1\u00ba [&hellip;]<\/p>\n","protected":false},"author":4,"featured_media":8303,"comment_status":"closed","ping_status":"open","sticky":false,"template":"","format":"standard","meta":{"_acf_changed":false,"footnotes":""},"categories":[13],"tags":[],"class_list":["post-8302","post","type-post","status-publish","format-standard","has-post-thumbnail","hentry","category-regional"],"acf":{"subtitulo":"Dados federais mostram 4.864 registros no 1\u00ba semestre de 2026, alta de 14% frente \u00e0 m\u00e9dia hist\u00f3rica da \u00faltima d\u00e9cada","oculta_home":false,"leitura_rapida":""},"_links":{"self":[{"href":"https:\/\/diariodocomercio.com.br\/geral\/wp-json\/wp\/v2\/posts\/8302","targetHints":{"allow":["GET"]}}],"collection":[{"href":"https:\/\/diariodocomercio.com.br\/geral\/wp-json\/wp\/v2\/posts"}],"about":[{"href":"https:\/\/diariodocomercio.com.br\/geral\/wp-json\/wp\/v2\/types\/post"}],"author":[{"embeddable":true,"href":"https:\/\/diariodocomercio.com.br\/geral\/wp-json\/wp\/v2\/users\/4"}],"replies":[{"embeddable":true,"href":"https:\/\/diariodocomercio.com.br\/geral\/wp-json\/wp\/v2\/comments?post=8302"}],"version-history":[{"count":3,"href":"https:\/\/diariodocomercio.com.br\/geral\/wp-json\/wp\/v2\/posts\/8302\/revisions"}],"predecessor-version":[{"id":8306,"href":"https:\/\/diariodocomercio.com.br\/geral\/wp-json\/wp\/v2\/posts\/8302\/revisions\/8306"}],"wp:featuredmedia":[{"embeddable":true,"href":"https:\/\/diariodocomercio.com.br\/geral\/wp-json\/wp\/v2\/media\/8303"}],"wp:attachment":[{"href":"https:\/\/diariodocomercio.com.br\/geral\/wp-json\/wp\/v2\/media?parent=8302"}],"wp:term":[{"taxonomy":"category","embeddable":true,"href":"https:\/\/diariodocomercio.com.br\/geral\/wp-json\/wp\/v2\/categories?post=8302"},{"taxonomy":"post_tag","embeddable":true,"href":"https:\/\/diariodocomercio.com.br\/geral\/wp-json\/wp\/v2\/tags?post=8302"}],"curies":[{"name":"wp","href":"https:\/\/api.w.org\/{rel}","templated":true}]}}