{"id":8307,"date":"2026-09-02T17:15:00","date_gmt":"2026-09-02T20:15:00","guid":{"rendered":"https:\/\/diariodocomercio.com.br\/geral\/?p=8307"},"modified":"2026-09-02T17:06:35","modified_gmt":"2026-09-02T20:06:35","slug":"massa-de-ar-polar-geadas-temperaturas-negativas","status":"publish","type":"post","link":"https:\/\/diariodocomercio.com.br\/geral\/massa-de-ar-polar-geadas-temperaturas-negativas\/","title":{"rendered":"Massa de ar polar chega derrubando temperaturas para abaixo de 0\u00b0 nesta semana"},"content":{"rendered":"\n<p class=\"wp-block-paragraph\">Uma massa de ar polar de grande intensidade avan\u00e7ar\u00e1 pelo Brasil no final desta semana, com previs\u00e3o de temperaturas negativas e geadas generalizadas na regi\u00e3o Sul. Segundo o <a href=\"https:\/\/www.tempo.com\/\" target=\"_blank\" rel=\"noopener\">Meteored Brasil<\/a>, o sistema mais potente come\u00e7a a atuar no Rio Grande do Sul ao longo desta sexta-feira (4), atinge Santa Catarina, Paran\u00e1 e Mato Grosso do Sul no s\u00e1bado (5) e deve provocar os efeitos mais intensos no in\u00edcio da pr\u00f3xima semana.<\/p>\n\n\n\n<h2 class=\"wp-block-heading\"><strong>Temperaturas come\u00e7aram a cair no in\u00edcio da semana<\/strong><\/h2>\n\n\n\n<p class=\"wp-block-paragraph\">Desde a \u00faltima ter\u00e7a-feira (1\u00ba), um primeiro sistema de ar frio j\u00e1 avan\u00e7ou pelo pa\u00eds, derrubando temperaturas de forma significativa no Rio Grande do Sul, Santa Catarina, Paran\u00e1, Mato Grosso do Sul e S\u00e3o Paulo. Nesta quarta (2), os efeitos se estenderam ao sul do Mato Grosso e de Goi\u00e1s, al\u00e9m de parte do Rio de Janeiro e de Minas Gerais.<\/p>\n\n\n\n<p class=\"wp-block-paragraph\">Temperaturas abaixo de 10\u00b0C devem ser registradas no Sudeste entre quarta e quinta-feira (3), afetando especialmente o sul de Minas Gerais, ao redor da Serra da Mantiqueira, o Vale do Para\u00edba paulista e o sul e a regi\u00e3o serrana do Rio de Janeiro.<\/p>\n\n\n\n<h2 class=\"wp-block-heading\"><strong>O que esperar da massa de ar polar mais potente<\/strong><\/h2>\n\n\n\n<p class=\"wp-block-paragraph\">A massa de ar polar que chega no final da semana \u00e9 classificada pelo Meteored como muito mais intensa do que o sistema em atua\u00e7\u00e3o agora. As previs\u00f5es indicam possibilidade de geadas fortes e generalizadas, al\u00e9m de temperaturas abaixo de zero nas regi\u00f5es serranas do Rio Grande do Sul e de Santa Catarina na madrugada de segunda (7) e ter\u00e7a-feira (8).<\/p>\n\n\n\n<p class=\"wp-block-paragraph\">O avan\u00e7o do sistema tamb\u00e9m deve provocar uma queda expressiva das temperaturas em mais da metade do Brasil ao longo do fim de semana, com mudan\u00e7a brusca no tempo em diversas regi\u00f5es do pa\u00eds.<\/p>\n","protected":false},"excerpt":{"rendered":"<p>Uma massa de ar polar de grande intensidade avan\u00e7ar\u00e1 pelo Brasil no final desta semana, com previs\u00e3o de temperaturas negativas e geadas generalizadas na regi\u00e3o Sul. Segundo o Meteored Brasil, o sistema mais potente come\u00e7a a atuar no Rio Grande do Sul ao longo desta sexta-feira (4), atinge Santa Catarina, Paran\u00e1 e Mato Grosso do [&hellip;]<\/p>\n","protected":false},"author":3,"featured_media":4355,"comment_status":"closed","ping_status":"open","sticky":false,"template":"","format":"standard","meta":{"_acf_changed":false,"footnotes":""},"categories":[1],"tags":[],"class_list":["post-8307","post","type-post","status-publish","format-standard","has-post-thumbnail","hentry","category-geral"],"acf":{"subtitulo":"Sistema mais potente avan\u00e7a pelo Sul do Brasil a partir de sexta (4) com previs\u00e3o de geadas generalizadas e temperaturas negativas","oculta_home":false,"leitura_rapida":""},"_links":{"self":[{"href":"https:\/\/diariodocomercio.com.br\/geral\/wp-json\/wp\/v2\/posts\/8307","targetHints":{"allow":["GET"]}}],"collection":[{"href":"https:\/\/diariodocomercio.com.br\/geral\/wp-json\/wp\/v2\/posts"}],"about":[{"href":"https:\/\/diariodocomercio.com.br\/geral\/wp-json\/wp\/v2\/types\/post"}],"author":[{"embeddable":true,"href":"https:\/\/diariodocomercio.com.br\/geral\/wp-json\/wp\/v2\/users\/3"}],"replies":[{"embeddable":true,"href":"https:\/\/diariodocomercio.com.br\/geral\/wp-json\/wp\/v2\/comments?post=8307"}],"version-history":[{"count":1,"href":"https:\/\/diariodocomercio.com.br\/geral\/wp-json\/wp\/v2\/posts\/8307\/revisions"}],"predecessor-version":[{"id":8308,"href":"https:\/\/diariodocomercio.com.br\/geral\/wp-json\/wp\/v2\/posts\/8307\/revisions\/8308"}],"wp:featuredmedia":[{"embeddable":true,"href":"https:\/\/diariodocomercio.com.br\/geral\/wp-json\/wp\/v2\/media\/4355"}],"wp:attachment":[{"href":"https:\/\/diariodocomercio.com.br\/geral\/wp-json\/wp\/v2\/media?parent=8307"}],"wp:term":[{"taxonomy":"category","embeddable":true,"href":"https:\/\/diariodocomercio.com.br\/geral\/wp-json\/wp\/v2\/categories?post=8307"},{"taxonomy":"post_tag","embeddable":true,"href":"https:\/\/diariodocomercio.com.br\/geral\/wp-json\/wp\/v2\/tags?post=8307"}],"curies":[{"name":"wp","href":"https:\/\/api.w.org\/{rel}","templated":true}]}}