{"id":8312,"date":"2026-09-02T18:30:00","date_gmt":"2026-09-02T21:30:00","guid":{"rendered":"https:\/\/diariodocomercio.com.br\/geral\/?p=8312"},"modified":"2026-09-02T18:15:46","modified_gmt":"2026-09-02T21:15:46","slug":"interdicao-noturna-cristiano-machado-bh","status":"publish","type":"post","link":"https:\/\/diariodocomercio.com.br\/geral\/interdicao-noturna-cristiano-machado-bh\/","title":{"rendered":"Av. Cristiano Machado em BH ter\u00e1 interdi\u00e7\u00e3o noturna a partir desta quinta (3); dois pontos de \u00f4nibus ser\u00e3o desativados"},"content":{"rendered":"\n<p class=\"wp-block-paragraph\">Motoristas que circulam pela Avenida Cristiano Machado, em Belo Horizonte, dever\u00e3o ficar atentos a uma interdi\u00e7\u00e3o noturna que come\u00e7a nesta quinta-feira (3). O trecho entre a MG-10 e a Avenida Vilarinho, no sentido Centro, ser\u00e1 bloqueado das 20h \u00e0s 4h, de segunda a sexta-feira, durante cerca de 20 dias.<\/p>\n\n\n\n<p class=\"wp-block-paragraph\">A altera\u00e7\u00e3o no tr\u00e2nsito ocorre devido a uma nova etapa das obras da <a href=\"https:\/\/gasmig.com.br\/\" target=\"_blank\" rel=\"noopener\">Gasmig<\/a>. Durante o per\u00edodo, tamb\u00e9m haver\u00e1 mudan\u00e7as no transporte coletivo, com a desativa\u00e7\u00e3o tempor\u00e1ria de dois pontos de \u00f4nibus no per\u00edodo noturno.<\/p>\n\n\n\n<h2 class=\"wp-block-heading\"><strong>Interdi\u00e7\u00e3o noturna faz parte de obras da Gasmig<\/strong><\/h2>\n\n\n\n<p class=\"wp-block-paragraph\">A interdi\u00e7\u00e3o noturna, segundo a Gasmig, \u00e9 necess\u00e1ria para permitir o avan\u00e7o seguro das obras de remanejamento da rede de distribui\u00e7\u00e3o de g\u00e1s natural que passa pela \u00e1rea onde ser\u00e1 constru\u00edda uma <a href=\"https:\/\/diariodocomercio.com.br\/geral\/av-cristiano-machado-obras-cemig\/\">trincheira<\/a> no cruzamento das avenidas Cristiano Machado e Vilarinho.<\/p>\n\n\n\n<p class=\"wp-block-paragraph\">A primeira fase dos trabalhos no local foi conclu\u00edda no fim de julho. Al\u00e9m da trincheira, o projeto prev\u00ea a implanta\u00e7\u00e3o de uma pista de acelera\u00e7\u00e3o no encontro das duas avenidas, o alargamento do viaduto sobre a linha do metr\u00f4 e melhorias na infraestrutura urbana da regi\u00e3o.<\/p>\n\n\n\n<h2 class=\"wp-block-heading\"><strong>Veja os desvios durante o bloqueio<\/strong><\/h2>\n\n\n\n<p class=\"wp-block-paragraph\">Durante os hor\u00e1rios de bloqueio, motoristas que vierem da MG-10 e precisarem acessar a Avenida Cristiano Machado poder\u00e3o utilizar duas rotas alternativas indicadas pela Prefeitura de Belo Horizonte (PBH):<\/p>\n\n\n\n<ul class=\"wp-block-list\">\n<li><strong>Op\u00e7\u00e3o 1:<\/strong> MG-10 \u2192 Avenida Pedro I \u2192 Rua Bernardo Ferreira da Cruz \u2192 Avenida Vilarinho \u2192 Avenida Cristiano Machado.<\/li>\n\n\n\n<li><strong>Op\u00e7\u00e3o 2:<\/strong> Avenida Pedro I \u2192 Rua Padre Pedro Pinto \u2192 Rua Doutor \u00c1lvaro Camargos \u2192 Avenida Vilarinho \u2192 Avenida Cristiano Machado.<\/li>\n<\/ul>\n\n\n\n<p class=\"wp-block-paragraph\">Para quem precisa chegar ao Shopping Esta\u00e7\u00e3o BH ou ao Hospital Risoleta Neves, a PBH tamb\u00e9m divulgou <a href=\"https:\/\/prefeitura.pbh.gov.br\/noticias\/cristiano-machado-sera-interditada-noite-para-obras-da-gasmig-necessarias-para-0\" target=\"_blank\" rel=\"noopener\">rotas alternativas<\/a> espec\u00edficas durante a interdi\u00e7\u00e3o noturna.<\/p>\n\n\n\n<p class=\"wp-block-paragraph\">Agentes da BHTrans, da Guarda Civil Municipal e da Pol\u00edcia Militar estar\u00e3o na regi\u00e3o para orientar os motoristas, acompanhar os desvios e realizar ajustes na opera\u00e7\u00e3o de tr\u00e2nsito quando necess\u00e1rio.<\/p>\n\n\n\n<h2 class=\"wp-block-heading\"><strong>Dois pontos de \u00f4nibus ser\u00e3o desativados \u00e0 noite<\/strong><\/h2>\n\n\n\n<p class=\"wp-block-paragraph\">As obras tamb\u00e9m v\u00e3o alterar temporariamente o funcionamento do transporte coletivo. Dois pontos de \u00f4nibus ser\u00e3o desativados entre durante o per\u00edodo da interdi\u00e7\u00e3o noturna, das 20h \u00e0s 4h: Avenida Cristiano Machado, n\u00ba 11.833, em frente ao Shopping Esta\u00e7\u00e3o BH e Rua Malibu, n\u00ba 130.<\/p>\n\n\n\n<p class=\"wp-block-paragraph\">As linhas que utilizam esses pontos ser\u00e3o direcionadas para um novo local de embarque na Rua das Gabirobas, n\u00ba 100.<\/p>\n\n\n\n<p class=\"wp-block-paragraph\">A orienta\u00e7\u00e3o para quem for utilizar transporte por aplicativo \u00e9 solicitar o embarque pela Rua Malibu, que funcionar\u00e1 em m\u00e3o dupla durante a interven\u00e7\u00e3o. No caso de passageiros que estiverem no Shopping Esta\u00e7\u00e3o BH, tamb\u00e9m haver\u00e1 a possibilidade de embarque dentro do estacionamento do empreendimento, no piso G2.<\/p>\n","protected":false},"excerpt":{"rendered":"<p>Motoristas que circulam pela Avenida Cristiano Machado, em Belo Horizonte, dever\u00e3o ficar atentos a uma interdi\u00e7\u00e3o noturna que come\u00e7a nesta quinta-feira (3). O trecho entre a MG-10 e a Avenida Vilarinho, no sentido Centro, ser\u00e1 bloqueado das 20h \u00e0s 4h, de segunda a sexta-feira, durante cerca de 20 dias. A altera\u00e7\u00e3o no tr\u00e2nsito ocorre devido [&hellip;]<\/p>\n","protected":false},"author":3,"featured_media":4064,"comment_status":"closed","ping_status":"open","sticky":false,"template":"","format":"standard","meta":{"_acf_changed":false,"footnotes":""},"categories":[1,11],"tags":[],"class_list":["post-8312","post","type-post","status-publish","format-standard","has-post-thumbnail","hentry","category-geral","category-cidades"],"acf":{"subtitulo":"Bloqueio ocorrer\u00e1 entre a MG-10 e a Avenida Vilarinho, no sentido Centro, das 20h \u00e0s 4h, de segunda a sexta-feira","oculta_home":false,"leitura_rapida":""},"_links":{"self":[{"href":"https:\/\/diariodocomercio.com.br\/geral\/wp-json\/wp\/v2\/posts\/8312","targetHints":{"allow":["GET"]}}],"collection":[{"href":"https:\/\/diariodocomercio.com.br\/geral\/wp-json\/wp\/v2\/posts"}],"about":[{"href":"https:\/\/diariodocomercio.com.br\/geral\/wp-json\/wp\/v2\/types\/post"}],"author":[{"embeddable":true,"href":"https:\/\/diariodocomercio.com.br\/geral\/wp-json\/wp\/v2\/users\/3"}],"replies":[{"embeddable":true,"href":"https:\/\/diariodocomercio.com.br\/geral\/wp-json\/wp\/v2\/comments?post=8312"}],"version-history":[{"count":2,"href":"https:\/\/diariodocomercio.com.br\/geral\/wp-json\/wp\/v2\/posts\/8312\/revisions"}],"predecessor-version":[{"id":8314,"href":"https:\/\/diariodocomercio.com.br\/geral\/wp-json\/wp\/v2\/posts\/8312\/revisions\/8314"}],"wp:featuredmedia":[{"embeddable":true,"href":"https:\/\/diariodocomercio.com.br\/geral\/wp-json\/wp\/v2\/media\/4064"}],"wp:attachment":[{"href":"https:\/\/diariodocomercio.com.br\/geral\/wp-json\/wp\/v2\/media?parent=8312"}],"wp:term":[{"taxonomy":"category","embeddable":true,"href":"https:\/\/diariodocomercio.com.br\/geral\/wp-json\/wp\/v2\/categories?post=8312"},{"taxonomy":"post_tag","embeddable":true,"href":"https:\/\/diariodocomercio.com.br\/geral\/wp-json\/wp\/v2\/tags?post=8312"}],"curies":[{"name":"wp","href":"https:\/\/api.w.org\/{rel}","templated":true}]}}