{"id":8326,"date":"2026-09-03T09:45:00","date_gmt":"2026-09-03T12:45:00","guid":{"rendered":"https:\/\/diariodocomercio.com.br\/geral\/?p=8326"},"modified":"2026-09-03T09:09:07","modified_gmt":"2026-09-03T12:09:07","slug":"sine-em-vicosa","status":"publish","type":"post","link":"https:\/\/diariodocomercio.com.br\/geral\/sine-em-vicosa\/","title":{"rendered":"SINE de Vi\u00e7osa tem 205 vagas de emprego abertas"},"content":{"rendered":"\n<p class=\"wp-block-paragraph\">O <a href=\"https:\/\/www.gov.br\/pt-br\/servicos\/buscar-emprego-no-sistema-nacional-de-emprego-sine\" target=\"_blank\" rel=\"noreferrer noopener\">Sistema Nacional de Emprego<\/a> est\u00e1 com 205 vagas do SINE de Vi\u00e7osa dispon\u00edveis em diferentes \u00e1reas. A rela\u00e7\u00e3o foi divulgada nesta ter\u00e7a-feira, 2 de setembro, pela Secretaria de Desenvolvimento do munic\u00edpio e re\u00fane oportunidades para profissionais com diferentes n\u00edveis de escolaridade e experi\u00eancia.<\/p>\n\n\n\n<p class=\"wp-block-paragraph\">As vagas do SINE em Vi\u00e7osa abrangem setores como constru\u00e7\u00e3o civil, com\u00e9rcio, servi\u00e7os, transporte, alimenta\u00e7\u00e3o, sa\u00fade e administra\u00e7\u00e3o, o que amplia bastante o leque de op\u00e7\u00f5es tanto para quem busca a primeira coloca\u00e7\u00e3o no mercado quanto para quem j\u00e1 tem experi\u00eancia em uma \u00e1rea espec\u00edfica.<\/p>\n\n\n\n<p class=\"wp-block-paragraph\">Entre as fun\u00e7\u00f5es com maior n\u00famero de vagas est\u00e3o ajudante de pedreiro, com 25 oportunidades, e trabalhador rural, com 20. Pedreiro e carpinteiro somam 15 vagas cada, e a fun\u00e7\u00e3o de promotor de vendas tamb\u00e9m conta com 15 posi\u00e7\u00f5es abertas. <\/p>\n\n\n\n<p class=\"wp-block-paragraph\">Esses cinco cargos concentram boa parte do total de vagas do SINE em Vi\u00e7osa divulgadas nesta rodada.<\/p>\n\n\n\n<p class=\"wp-block-paragraph\">Al\u00e9m das vagas para pedreiro e carpinteiro, a constru\u00e7\u00e3o civil oferece oportunidades para armador, ajudante de pedreiro e bombeiro hidr\u00e1ulico. <\/p>\n\n\n\n<p class=\"wp-block-paragraph\">Tamb\u00e9m h\u00e1 vagas para encarregado de obras, almoxarife, montador de m\u00f3veis, soldador e profissionais das \u00e1reas de mec\u00e2nica, el\u00e9trica e eletromec\u00e2nica, cargos que costumam exigir experi\u00eancia pr\u00e9via ou forma\u00e7\u00e3o t\u00e9cnica espec\u00edfica.<\/p>\n\n\n\n<h2 class=\"wp-block-heading\">Outras \u00e1reas com vagas abertas<\/h2>\n\n\n\n<p class=\"wp-block-paragraph\">O setor de alimenta\u00e7\u00e3o re\u00fane vagas para auxiliar de cozinha, cozinheiro, chefe de cozinha, a\u00e7ougueiro, pizzaiolo, chapeiro, sushiman, churrasqueiro e bartender, com exig\u00eancias que variam entre experi\u00eancia profissional e ensino m\u00e9dio completo, dependendo da fun\u00e7\u00e3o.<\/p>\n\n\n\n<p class=\"wp-block-paragraph\">Tamb\u00e9m est\u00e3o dispon\u00edveis vagas para motoristas, ajudantes de motorista, ajudantes de entregas, entregadores e profissionais de log\u00edstica, algumas delas exigindo habilita\u00e7\u00e3o em categorias espec\u00edficas ou ve\u00edculo pr\u00f3prio. <\/p>\n\n\n\n<p class=\"wp-block-paragraph\">Na \u00e1rea de com\u00e9rcio e atendimento, a lista inclui vendedor, vendedor externo, atendente, balconista, operador de loja, caixa e gerente.<\/p>\n\n\n\n<p class=\"wp-block-paragraph\">O setor administrativo conta com vagas para assistente administrativo, auxiliar de escrit\u00f3rio, auxiliar fiscal, auxiliar financeiro, analista de marketing, assistente de marketing digital e gestor de delivery, al\u00e9m de oportunidades para auxiliar de laborat\u00f3rio e auxiliar de log\u00edstica. <\/p>\n\n\n\n<p class=\"wp-block-paragraph\">J\u00e1 na \u00e1rea da sa\u00fade, s\u00e3o quatro vagas para enfermeiro, que exigem forma\u00e7\u00e3o superior na \u00e1rea, al\u00e9m de oportunidades para farmac\u00eautico, com exig\u00eancia de curso superior em Farm\u00e1cia. <\/p>\n\n\n\n<p class=\"wp-block-paragraph\">Completam a lista fun\u00e7\u00f5es como auxiliar de limpeza, auxiliar de produ\u00e7\u00e3o, faxineira, dedetizador, estoquista, t\u00e9cnico eletricista, t\u00e9cnico mec\u00e2nico e t\u00e9cnico em eletromec\u00e2nica.<\/p>\n\n\n\n<h2 class=\"wp-block-heading\">Como se candidatar \u00e0s vagas do SINE de Vi\u00e7osa<\/h2>\n\n\n\n<p class=\"wp-block-paragraph\">Os interessados devem comparecer pessoalmente \u00e0 unidade do SINE, localizada na Pra\u00e7a do Ros\u00e1rio, n\u00famero 5, no Centro de Vi\u00e7osa. <\/p>\n\n\n\n<p class=\"wp-block-paragraph\">\u00c9 necess\u00e1rio apresentar RG e CPF, original ou c\u00f3pia, al\u00e9m do curr\u00edculo. Mais informa\u00e7\u00f5es sobre as vagas podem ser obtidas pelo telefone (31) 2170-0434.<\/p>\n\n\n\n<p class=\"wp-block-paragraph\">No atendimento presencial, os funcion\u00e1rios do SINE explicam os detalhes de cada vaga e verificam se o perfil do candidato \u00e9 compat\u00edvel com a oportunidade dispon\u00edvel. <\/p>\n\n\n\n<p class=\"wp-block-paragraph\">Quando h\u00e1 compatibilidade, o trabalhador recebe uma carta de encaminhamento para ser entrevistado diretamente pelo empregador respons\u00e1vel pela vaga.<\/p>\n\n\n\n<h2 class=\"wp-block-heading\">Como funciona o SINE<\/h2>\n\n\n\n<p class=\"wp-block-paragraph\">O Sistema Nacional de Emprego est\u00e1 presente em praticamente todas as cidades do pa\u00eds e tem como principal fun\u00e7\u00e3o aproximar trabalhadores e empregadores, funcionando como uma ponte entre a demanda do mercado de trabalho e a for\u00e7a de trabalho dispon\u00edvel. <\/p>\n\n\n\n<p class=\"wp-block-paragraph\">Entre os servi\u00e7os oferecidos est\u00e3o a divulga\u00e7\u00e3o de vagas, o recebimento de curr\u00edculos, a habilita\u00e7\u00e3o ao seguro-desemprego e a\u00e7\u00f5es de qualifica\u00e7\u00e3o profissional.<\/p>\n\n\n\n<p class=\"wp-block-paragraph\">Em Minas Gerais, o sistema conta hoje com mais de 8 mil vagas distribu\u00eddas por 133 unidades de atendimento em todo o estado, incluindo o posto de Vi\u00e7osa. <\/p>\n\n\n\n<p class=\"wp-block-paragraph\">Al\u00e9m do atendimento presencial, o trabalhador tamb\u00e9m pode consultar oportunidades por meio do Painel de Vagas do SINE, dispon\u00edvel on-line, filtrando a busca por munic\u00edpio e por ocupa\u00e7\u00e3o de interesse, o que facilita encontrar vagas do SINE em Vi\u00e7osa sem precisar se deslocar at\u00e9 a unidade antes de saber se h\u00e1 uma op\u00e7\u00e3o compat\u00edvel com o pr\u00f3prio perfil profissional.<\/p>\n","protected":false},"excerpt":{"rendered":"<p>O Sistema Nacional de Emprego est\u00e1 com 205 vagas do SINE de Vi\u00e7osa dispon\u00edveis em diferentes \u00e1reas. A rela\u00e7\u00e3o foi divulgada nesta ter\u00e7a-feira, 2 de setembro, pela Secretaria de Desenvolvimento do munic\u00edpio e re\u00fane oportunidades para profissionais com diferentes n\u00edveis de escolaridade e experi\u00eancia. As vagas do SINE em Vi\u00e7osa abrangem setores como constru\u00e7\u00e3o civil, [&hellip;]<\/p>\n","protected":false},"author":5,"featured_media":8332,"comment_status":"closed","ping_status":"open","sticky":false,"template":"","format":"standard","meta":{"_acf_changed":false,"footnotes":""},"categories":[1,11],"tags":[],"class_list":["post-8326","post","type-post","status-publish","format-standard","has-post-thumbnail","hentry","category-geral","category-cidades"],"acf":{"subtitulo":"Vagas exigem desde ensino fundamental at\u00e9 forma\u00e7\u00e3o superior; inscri\u00e7\u00f5es s\u00e3o presenciais.","oculta_home":false,"leitura_rapida":""},"_links":{"self":[{"href":"https:\/\/diariodocomercio.com.br\/geral\/wp-json\/wp\/v2\/posts\/8326","targetHints":{"allow":["GET"]}}],"collection":[{"href":"https:\/\/diariodocomercio.com.br\/geral\/wp-json\/wp\/v2\/posts"}],"about":[{"href":"https:\/\/diariodocomercio.com.br\/geral\/wp-json\/wp\/v2\/types\/post"}],"author":[{"embeddable":true,"href":"https:\/\/diariodocomercio.com.br\/geral\/wp-json\/wp\/v2\/users\/5"}],"replies":[{"embeddable":true,"href":"https:\/\/diariodocomercio.com.br\/geral\/wp-json\/wp\/v2\/comments?post=8326"}],"version-history":[{"count":4,"href":"https:\/\/diariodocomercio.com.br\/geral\/wp-json\/wp\/v2\/posts\/8326\/revisions"}],"predecessor-version":[{"id":8333,"href":"https:\/\/diariodocomercio.com.br\/geral\/wp-json\/wp\/v2\/posts\/8326\/revisions\/8333"}],"wp:featuredmedia":[{"embeddable":true,"href":"https:\/\/diariodocomercio.com.br\/geral\/wp-json\/wp\/v2\/media\/8332"}],"wp:attachment":[{"href":"https:\/\/diariodocomercio.com.br\/geral\/wp-json\/wp\/v2\/media?parent=8326"}],"wp:term":[{"taxonomy":"category","embeddable":true,"href":"https:\/\/diariodocomercio.com.br\/geral\/wp-json\/wp\/v2\/categories?post=8326"},{"taxonomy":"post_tag","embeddable":true,"href":"https:\/\/diariodocomercio.com.br\/geral\/wp-json\/wp\/v2\/tags?post=8326"}],"curies":[{"name":"wp","href":"https:\/\/api.w.org\/{rel}","templated":true}]}}