{"id":8337,"date":"2026-09-03T10:30:00","date_gmt":"2026-09-03T13:30:00","guid":{"rendered":"https:\/\/diariodocomercio.com.br\/geral\/?p=8337"},"modified":"2026-09-03T09:46:42","modified_gmt":"2026-09-03T12:46:42","slug":"el-nino-em-minas-gerais","status":"publish","type":"post","link":"https:\/\/diariodocomercio.com.br\/geral\/el-nino-em-minas-gerais\/","title":{"rendered":"Super El Nin\u00f5 em Minas Gerais ganha for\u00e7a e pico m\u00e1ximo tem data atualizada"},"content":{"rendered":"\n<p class=\"wp-block-paragraph\">O Super El Nin\u00f5 segue ganhando for\u00e7a no Oceano Pac\u00edfico e deve atingir um per\u00edodo de pico m\u00e1ximo entre a primavera e o ver\u00e3o de 2026 e 2027. Isso vale, inclusive, para as previs\u00f5es sobre o El Nin\u00f5 em Minas Gerais.<\/p>\n\n\n\n<p class=\"wp-block-paragraph\">Segundo o boletim mais recente do Instituto Nacional de Meteorologia (<a href=\"https:\/\/portal.inmet.gov.br\/\" target=\"_blank\" rel=\"noreferrer noopener\">INMET<\/a>), existe mais de 90% de chance do fen\u00f4meno ficar ativo at\u00e9 o in\u00edcio de 2027. Al\u00e9m disso, existem chances elevadas de alcan\u00e7ar uma classifica\u00e7\u00e3o de El Nin\u00f5 muito forte.<\/p>\n\n\n\n<p class=\"wp-block-paragraph\">Em Minas Gerais, o evento est\u00e1 sendo monitorado de perto por conta dos riscos que ele traz para o estado nos pr\u00f3ximos meses.<\/p>\n\n\n\n<h2 class=\"wp-block-heading\">O que \u00e9 o Super El Nin\u00f5 e por que o evento requer cautela<\/h2>\n\n\n\n<p class=\"wp-block-paragraph\">O El Nin\u00f5 \u00e9 um evento que foi registrado pela primeira vez em 1578. Ele \u00e9 caracterizado pelo aquecimento anormal das \u00e1guas superficiais do Oceano Pac\u00edfico Equatorial.<\/p>\n\n\n\n<p class=\"wp-block-paragraph\">Quando esse aquecimento passa de 2\u00b0C acima da m\u00e9dica hist\u00f3rica, o evento \u00e9 considerado muito forte, passando a ser chamado de Super El Nin\u00f5. Em julho, a temperatura da superf\u00edcie do mar em algumas das \u00e1reas de monitoramento j\u00e1 chegavam a 1,4\u00b0C acima da m\u00e9dia. Esses sinais de aquecimento tamb\u00e9m foram encontrados em profundidades de at\u00e9 200 metros.<\/p>\n\n\n\n<p class=\"wp-block-paragraph\">Esse tipo de acontecimento altera a circula\u00e7\u00e3o atmosf\u00e9rica global e influencia os padr\u00f5es de temperatura e chuva ao redor do planeta.<\/p>\n\n\n\n<p class=\"wp-block-paragraph\">Por isso, institui\u00e7\u00f5es metereol\u00f3gicas de todo mundo, inclusive do Brasil, est\u00e3o com aten\u00e7\u00e3o redobrada no momento.<\/p>\n\n\n\n<h2 class=\"wp-block-heading\">Como o El Nin\u00f5 em Minas Gerais vai se comportar<\/h2>\n\n\n\n<p class=\"wp-block-paragraph\">Diferente do Sul do Brasil, que costuma receber chuvas acima da m\u00e9dia, o cen\u00e1rio no estado de MG \u00e9 outro. Boletins t\u00e9cnicos do Inpe e do Inmet mostram que a primavera de 2026 deve trazer condi\u00e7\u00f5es mais secas para \u00e1reas do Sudeste, incluindo Minas Gerais, Rio de Janeiro e Esp\u00edrito Santo, principalmente de setembro at\u00e9 dezembro.<\/p>\n\n\n\n<p class=\"wp-block-paragraph\">Ao mesmo tempo, outra proje\u00e7\u00e3o do Inmet indica chuvas pr\u00f3ximas do normal para regi\u00e3o Sudeste como um todo, por\u00e9m ainda com temperaturas altas. Isso levantas quest\u00f5es como o risco de queimadas e a falta de recursos h\u00eddricos, coisa que j\u00e1 ocorre em Minas Gerais.<\/p>\n\n\n\n<p class=\"wp-block-paragraph\">Essa contradi\u00e7\u00e3o mostra que os efeitos do El Nin\u00f5 em Minas Gerais variam com cada metodologia e escala usada para previs\u00e3o. Mas o ponto comum dos boletins \u00e9 o alerta na temperatura m\u00e9dia e a irregularidade de chuvas na esta\u00e7\u00e3o.<\/p>\n\n\n\n<h2 class=\"wp-block-heading\">Alerta da Cemig para Minas Gerais<\/h2>\n\n\n\n<p class=\"wp-block-paragraph\">A Companhia Energ\u00e9tica de Minas Gerais (Cemig) tamb\u00e9m emitiu alerta t\u00e9cnico sobre o problema. Segundo a companhia, o estado pode enfrentar um in\u00edcio de chuvas tardio na esta\u00e7\u00e3o chuvosa de 2026 e 2027.<\/p>\n\n\n\n<p class=\"wp-block-paragraph\">A previs\u00e3o da Cemig tamb\u00e9m aponta para temperaturas acima da m\u00e9dia no per\u00edodo e da possibilidade de temporais isolados com raios, mesmo em meio a um cen\u00e1rio de estiagem mais prolongada que come\u00e7ou em julho.<\/p>\n\n\n\n<p class=\"wp-block-paragraph\">Levantamentos tamb\u00e9m identificaram sinais concretos de agravamento da seca no estado. Entre abril e maio de 2026, 66 munic\u00edpios brasileiros registraram transi\u00e7\u00e3o para condi\u00e7\u00e3o de seca severa. Minas Gerais, junto de Goi\u00e1s, concentrou mais de metade desses munic\u00edpios.<\/p>\n\n\n\n<p class=\"wp-block-paragraph\">O oeste mineiro tamb\u00e9m aparece entre as \u00e1reas do pa\u00eds com seca moderada e severa registradas esse ano. A vulnerabilidade \u00e0s mudan\u00e7as clim\u00e1ticas tamb\u00e9m n\u00e3o \u00e9 uniforme dentro do estado.<\/p>\n\n\n\n<p class=\"wp-block-paragraph\">Cerca de 13% dos munic\u00edpios mineiros s\u00e3o classificados como extrema vulnerabilidade clim\u00e1tica, concentrados principalmente na <a href=\"https:\/\/diariodocomercio.com.br\/geral\/comite-el-nino-e-criado-para-enviar-agua-e-recursos-ao-norte-de-mg\/\">regi\u00e3o Norte de Minas<\/a> e do Jequitinhonha.<\/p>\n\n\n\n<h2 class=\"wp-block-heading\">Quando o El Nin\u00f5 atinge seu pico m\u00e1ximo?<\/h2>\n\n\n\n<p class=\"wp-block-paragraph\">As proje\u00e7\u00f5es mais recentes indicam que o Super El Nin\u00f5 vai ter intensidade m\u00e1xima em outubro e dezembro de 2026. Mas seus reflexos podem se estender pelo ver\u00e3o de 2027.<\/p>\n\n\n\n<p class=\"wp-block-paragraph\">No estado de Minas, a expectativa \u00e9 que os efeitos desse evento se intensifiquem gradualmente pela segunda metade do ano, combinando as temperaturas altas com irregularidade de chuvas e risco de inc\u00eandios.<\/p>\n\n\n\n<p class=\"wp-block-paragraph\">Apesar das previs\u00f5es, os \u00f3rg\u00e3os respons\u00e1veis pelo monitoramento refor\u00e7am que o El Nin\u00f5 n\u00e3o determina sozinho onde cada evento clim\u00e1tico deve acontecer.<\/p>\n\n\n\n<p class=\"wp-block-paragraph\">Por isso, o acompanhamento de boletins meteorol\u00f3gicos \u00e9 essencial para que produtores rurais, defesa civil e a popula\u00e7\u00e3o se mantenham preparados para os meses de instabilidade que est\u00e3o por vir em Minas Gerais.<\/p>\n","protected":false},"excerpt":{"rendered":"<p>O Super El Nin\u00f5 segue ganhando for\u00e7a no Oceano Pac\u00edfico e deve atingir um per\u00edodo de pico m\u00e1ximo entre a primavera e o ver\u00e3o de 2026 e 2027. Isso vale, inclusive, para as previs\u00f5es sobre o El Nin\u00f5 em Minas Gerais. Segundo o boletim mais recente do Instituto Nacional de Meteorologia (INMET), existe mais de [&hellip;]<\/p>\n","protected":false},"author":5,"featured_media":8342,"comment_status":"closed","ping_status":"open","sticky":false,"template":"","format":"standard","meta":{"_acf_changed":false,"footnotes":""},"categories":[1],"tags":[],"class_list":["post-8337","post","type-post","status-publish","format-standard","has-post-thumbnail","hentry","category-geral"],"acf":{"subtitulo":"Fen\u00f4meno pode atingir intensidade muito forte entre outubro e dezembro.","oculta_home":false,"leitura_rapida":""},"_links":{"self":[{"href":"https:\/\/diariodocomercio.com.br\/geral\/wp-json\/wp\/v2\/posts\/8337","targetHints":{"allow":["GET"]}}],"collection":[{"href":"https:\/\/diariodocomercio.com.br\/geral\/wp-json\/wp\/v2\/posts"}],"about":[{"href":"https:\/\/diariodocomercio.com.br\/geral\/wp-json\/wp\/v2\/types\/post"}],"author":[{"embeddable":true,"href":"https:\/\/diariodocomercio.com.br\/geral\/wp-json\/wp\/v2\/users\/5"}],"replies":[{"embeddable":true,"href":"https:\/\/diariodocomercio.com.br\/geral\/wp-json\/wp\/v2\/comments?post=8337"}],"version-history":[{"count":5,"href":"https:\/\/diariodocomercio.com.br\/geral\/wp-json\/wp\/v2\/posts\/8337\/revisions"}],"predecessor-version":[{"id":8343,"href":"https:\/\/diariodocomercio.com.br\/geral\/wp-json\/wp\/v2\/posts\/8337\/revisions\/8343"}],"wp:featuredmedia":[{"embeddable":true,"href":"https:\/\/diariodocomercio.com.br\/geral\/wp-json\/wp\/v2\/media\/8342"}],"wp:attachment":[{"href":"https:\/\/diariodocomercio.com.br\/geral\/wp-json\/wp\/v2\/media?parent=8337"}],"wp:term":[{"taxonomy":"category","embeddable":true,"href":"https:\/\/diariodocomercio.com.br\/geral\/wp-json\/wp\/v2\/categories?post=8337"},{"taxonomy":"post_tag","embeddable":true,"href":"https:\/\/diariodocomercio.com.br\/geral\/wp-json\/wp\/v2\/tags?post=8337"}],"curies":[{"name":"wp","href":"https:\/\/api.w.org\/{rel}","templated":true}]}}