{"id":8344,"date":"2026-09-03T10:00:00","date_gmt":"2026-09-03T13:00:00","guid":{"rendered":"https:\/\/diariodocomercio.com.br\/geral\/?p=8344"},"modified":"2026-09-03T09:57:22","modified_gmt":"2026-09-03T12:57:22","slug":"belo-horizonte-cidade-esponja","status":"publish","type":"post","link":"https:\/\/diariodocomercio.com.br\/geral\/belo-horizonte-cidade-esponja\/","title":{"rendered":"Belo Horizonte cria lei do programa Cidade Esponja para combater enchentes"},"content":{"rendered":"\n<p class=\"wp-block-paragraph\">Belo Horizonte tem, desde esta quinta-feira (3), uma lei que cria o programa Cidade Esponja para combater enchentes e alagamentos na capital. O texto foi publicado no <a href=\"https:\/\/dom.pbh.gov.br\" target=\"_blank\" rel=\"noopener\">Di\u00e1rio Oficial do Munic\u00edpio<\/a> e define solu\u00e7\u00f5es de drenagem sustent\u00e1vel para a cidade.<\/p>\n\n\n\n<p class=\"wp-block-paragraph\">O conceito se baseia em um ciclo de absor\u00e7\u00e3o, armazenamento, filtragem e reuso das \u00e1guas pluviais dentro do pr\u00f3prio ambiente urbano. Entre os objetivos est\u00e3o tornar o solo da cidade mais perme\u00e1vel, aliviar os sistemas de drenagem existentes e ampliar o reaproveitamento das chuvas.<\/p>\n\n\n\n<h2 class=\"wp-block-heading\"><strong>Mecanismos do programa Cidade Esponja<\/strong><\/h2>\n\n\n\n<p class=\"wp-block-paragraph\">A lei autoriza a Prefeitura a incentivar a ado\u00e7\u00e3o de diferentes mecanismos de drenagem na cidade.&nbsp;<\/p>\n\n\n\n<p class=\"wp-block-paragraph\">O uso de pavimentos perme\u00e1veis \u00e9 um deles: materiais que absorvem a chuva no pr\u00f3prio piso, favorecendo a penetra\u00e7\u00e3o e a infiltra\u00e7\u00e3o da \u00e1gua no solo. Os telhados verdes recobrem edifica\u00e7\u00f5es com vegeta\u00e7\u00e3o para reter parte do volume que cai. J\u00e1 as valas de infiltra\u00e7\u00e3o acumulam o escoamento superficial e o devolvem ao solo de forma gradual.<\/p>\n\n\n\n<p class=\"wp-block-paragraph\">Para volumes maiores, as bacias de deten\u00e7\u00e3o ou reten\u00e7\u00e3o funcionam como reservat\u00f3rios de amortecimento, segurando o excesso das chuvas e liberando-o de maneira controlada. Os bueiros ecol\u00f3gicos fecham o conjunto, com ralos e bocas de lobo reformulados para capturar res\u00edduos das vias antes que cheguem \u00e0s galerias pluviais subterr\u00e2neas.<\/p>\n\n\n\n<h2 class=\"wp-block-heading\"><strong>BH quer reabastecer reservas subterr\u00e2neas com as chuvas<\/strong><\/h2>\n\n\n\n<p class=\"wp-block-paragraph\">O programa prev\u00ea ainda a autossufici\u00eancia h\u00eddrica de BH. A lei estabelece o reabastecimento dos aqu\u00edferos das zonas urbana e periurbana com \u00e1gua de melhor qualidade para extra\u00e7\u00e3o.<\/p>\n\n\n\n<p class=\"wp-block-paragraph\">A regulamenta\u00e7\u00e3o das medidas ficar\u00e1 a cargo do Poder Executivo. A lei n\u00e3o estipula prazo para essa etapa.<\/p>\n","protected":false},"excerpt":{"rendered":"<p>Belo Horizonte tem, desde esta quinta-feira (3), uma lei que cria o programa Cidade Esponja para combater enchentes e alagamentos na capital. O texto foi publicado no Di\u00e1rio Oficial do Munic\u00edpio e define solu\u00e7\u00f5es de drenagem sustent\u00e1vel para a cidade. O conceito se baseia em um ciclo de absor\u00e7\u00e3o, armazenamento, filtragem e reuso das \u00e1guas [&hellip;]<\/p>\n","protected":false},"author":4,"featured_media":8348,"comment_status":"closed","ping_status":"open","sticky":false,"template":"","format":"standard","meta":{"_acf_changed":false,"footnotes":""},"categories":[11],"tags":[],"class_list":["post-8344","post","type-post","status-publish","format-standard","has-post-thumbnail","hentry","category-cidades"],"acf":{"subtitulo":"Publicada no Di\u00e1rio Oficial, a legisla\u00e7\u00e3o prev\u00ea mecanismos para reduzir alagamentos em BH","oculta_home":false,"leitura_rapida":""},"_links":{"self":[{"href":"https:\/\/diariodocomercio.com.br\/geral\/wp-json\/wp\/v2\/posts\/8344","targetHints":{"allow":["GET"]}}],"collection":[{"href":"https:\/\/diariodocomercio.com.br\/geral\/wp-json\/wp\/v2\/posts"}],"about":[{"href":"https:\/\/diariodocomercio.com.br\/geral\/wp-json\/wp\/v2\/types\/post"}],"author":[{"embeddable":true,"href":"https:\/\/diariodocomercio.com.br\/geral\/wp-json\/wp\/v2\/users\/4"}],"replies":[{"embeddable":true,"href":"https:\/\/diariodocomercio.com.br\/geral\/wp-json\/wp\/v2\/comments?post=8344"}],"version-history":[{"count":2,"href":"https:\/\/diariodocomercio.com.br\/geral\/wp-json\/wp\/v2\/posts\/8344\/revisions"}],"predecessor-version":[{"id":8355,"href":"https:\/\/diariodocomercio.com.br\/geral\/wp-json\/wp\/v2\/posts\/8344\/revisions\/8355"}],"wp:featuredmedia":[{"embeddable":true,"href":"https:\/\/diariodocomercio.com.br\/geral\/wp-json\/wp\/v2\/media\/8348"}],"wp:attachment":[{"href":"https:\/\/diariodocomercio.com.br\/geral\/wp-json\/wp\/v2\/media?parent=8344"}],"wp:term":[{"taxonomy":"category","embeddable":true,"href":"https:\/\/diariodocomercio.com.br\/geral\/wp-json\/wp\/v2\/categories?post=8344"},{"taxonomy":"post_tag","embeddable":true,"href":"https:\/\/diariodocomercio.com.br\/geral\/wp-json\/wp\/v2\/tags?post=8344"}],"curies":[{"name":"wp","href":"https:\/\/api.w.org\/{rel}","templated":true}]}}