{"id":8346,"date":"2026-09-03T11:00:00","date_gmt":"2026-09-03T14:00:00","guid":{"rendered":"https:\/\/diariodocomercio.com.br\/geral\/?p=8346"},"modified":"2026-09-03T10:32:04","modified_gmt":"2026-09-03T13:32:04","slug":"hacktown-2026","status":"publish","type":"post","link":"https:\/\/diariodocomercio.com.br\/geral\/hacktown-2026\/","title":{"rendered":"HackTown 2026 come\u00e7a e coloca o Sul de Minas no centro da inova\u00e7\u00e3o"},"content":{"rendered":"\n<p class=\"wp-block-paragraph\">O HackTown 2026 come\u00e7ou nesta quinta-feira, 3 de setembro, em Santa Rita do Sapuca\u00ed, no Sul de Minas Gerais, com uma programa\u00e7\u00e3o voltada para tecnologia, intelig\u00eancia artificial e novos neg\u00f3cios. <\/p>\n\n\n\n<p class=\"wp-block-paragraph\">Em sua d\u00e9cima edi\u00e7\u00e3o, o festival segue at\u00e9 domingo, 7 de setembro, e transforma diferentes pontos da cidade em espa\u00e7os de debate, experi\u00eancias e encontros entre profissionais de diversas \u00e1reas.<\/p>\n\n\n\n<p class=\"wp-block-paragraph\">Considerado o maior festival de inova\u00e7\u00e3o e criatividade do Brasil, o HackTown 2026 deve reunir mais de mil atividades e cerca de 800 palestrantes ao longo dos cinco dias de evento, com a expectativa de atrair mais de 15 mil pessoas para a cidade conhecida como o Vale da Eletr\u00f4nica.<\/p>\n\n\n\n<h2 class=\"wp-block-heading\">O que \u00e9 o HackTown 2026<\/h2>\n\n\n\n<p class=\"wp-block-paragraph\">Diferente da maioria dos eventos de tecnologia, que costumam concentrar toda a programa\u00e7\u00e3o em um centro de conven\u00e7\u00f5es, o HackTown 2026 ocupa a pr\u00f3pria cidade de Santa Rita do Sapuca\u00ed. <\/p>\n\n\n\n<p class=\"wp-block-paragraph\">Pra\u00e7as, bares, restaurantes, escolas e universidades entram no circuito do festival, criando uma din\u00e2mica em que uma palestra pode acontecer a poucos passos de uma apresenta\u00e7\u00e3o musical ou de uma roda de conversa sobre neg\u00f3cios.<\/p>\n\n\n\n<p class=\"wp-block-paragraph\">Esse formato segue o conceito de &#8220;Fora do \u00d3bvio&#8221;, adotado pela organiza\u00e7\u00e3o do evento, que busca aproximar pessoas de universos diferentes, como cientistas da computa\u00e7\u00e3o, artistas, fundadores de startups e executivos de grandes empresas, em um mesmo espa\u00e7o de troca.<\/p>\n\n\n\n<h2 class=\"wp-block-heading\">Intelig\u00eancia artificial \u00e9 destaque na programa\u00e7\u00e3o<\/h2>\n\n\n\n<p class=\"wp-block-paragraph\">Um dos eixos centrais do HackTown 2026 \u00e9 justamente a intelig\u00eancia artificial, com debates voltados aos impactos \u00e9ticos e humanos provocados pela evolu\u00e7\u00e3o acelerada da tecnologia. <\/p>\n\n\n\n<p class=\"wp-block-paragraph\">A programa\u00e7\u00e3o aborda o tema sob diferentes \u00e2ngulos, do uso de IA no agroneg\u00f3cio \u00e0 seguran\u00e7a e governan\u00e7a de agentes inteligentes, passando pela integra\u00e7\u00e3o entre rob\u00f4s industriais e o desenvolvimento de software com apoio de intelig\u00eancia artificial.<\/p>\n\n\n\n<p class=\"wp-block-paragraph\">Institui\u00e7\u00f5es ligadas ao ecossistema tecnol\u00f3gico da regi\u00e3o, como o <a href=\"https:\/\/inatel.br\/home\/\" target=\"_blank\" rel=\"noreferrer noopener\">Instituto Nacional de Telecomunica\u00e7\u00f5es<\/a>, tamb\u00e9m participam com conte\u00fados que conectam forma\u00e7\u00e3o de talentos, pesquisa aplicada e empreendedorismo, refor\u00e7ando discuss\u00f5es sobre os impactos da intelig\u00eancia artificial na educa\u00e7\u00e3o, no trabalho, na seguran\u00e7a e no desenvolvimento das organiza\u00e7\u00f5es.<\/p>\n\n\n\n<h2 class=\"wp-block-heading\">Vale da Eletr\u00f4nica ganha ainda mais protagonismo<\/h2>\n\n\n\n<p class=\"wp-block-paragraph\">Santa Rita do Sapuca\u00ed \u00e9 conhecida havia d\u00e9cadas como o Vale da Eletr\u00f4nica, um dos principais polos de tecnologia do pa\u00eds, reunindo escolas t\u00e9cnicas, universidades e empresas voltadas \u00e0 eletr\u00f4nica e \u00e0 inova\u00e7\u00e3o. <\/p>\n\n\n\n<p class=\"wp-block-paragraph\">O HackTown 2026 refor\u00e7a esse protagonismo ao colocar a cidade no centro das discuss\u00f5es sobre o futuro da tecnologia no Brasil, indo al\u00e9m da intelig\u00eancia artificial para incluir temas como redes 5G e 6G, Web3, computa\u00e7\u00e3o qu\u00e2ntica, biotecnologia e telepresen\u00e7a imersiva.<\/p>\n\n\n\n<p class=\"wp-block-paragraph\">A programa\u00e7\u00e3o tamb\u00e9m \u00e9 voltada a fundadores e investidores de startups, com uma trilha dedicada \u00e0 constru\u00e7\u00e3o de ecossistemas de inova\u00e7\u00e3o e \u00e0 tra\u00e7\u00e3o de novos neg\u00f3cios, consolidando o festival como ponto de encontro entre o mercado de tecnologia e o empreendedorismo nacional.<\/p>\n\n\n\n<p class=\"wp-block-paragraph\">Al\u00e9m da agenda voltada \u00e0 tecnologia, o HackTown 2026 reserva espa\u00e7o para a cultura por meio do HackTown Music, vitrine dedicada a novos nomes da m\u00fasica brasileira. <\/p>\n\n\n\n<p class=\"wp-block-paragraph\">A iniciativa j\u00e1 ajudou a projetar artistas que ganharam espa\u00e7o no cen\u00e1rio nacional, unindo o p\u00fablico interessado em inova\u00e7\u00e3o a uma programa\u00e7\u00e3o musical paralela ao longo dos cinco dias de festival.<\/p>\n\n\n\n<p class=\"wp-block-paragraph\">Esse cruzamento entre tecnologia, neg\u00f3cios e cultura \u00e9 apontado pela organiza\u00e7\u00e3o como um dos diferenciais do evento, que busca ir al\u00e9m do networking tradicional e criar experi\u00eancias que dificilmente aconteceriam dentro de ambientes corporativos convencionais.<\/p>\n\n\n\n<h2 class=\"wp-block-heading\">Impacto econ\u00f4mico do HackTown 2026 no Sul de Minas<\/h2>\n\n\n\n<p class=\"wp-block-paragraph\">Al\u00e9m do impacto direto na \u00e1rea de tecnologia, o HackTown 2026 tamb\u00e9m movimenta a economia local. <\/p>\n\n\n\n<p class=\"wp-block-paragraph\">Segundo a organiza\u00e7\u00e3o, o evento \u00e9 respons\u00e1vel por atrair mais de 15 mil pessoas para a regi\u00e3o durante os cinco dias de programa\u00e7\u00e3o, aquecendo setores como hospedagem, alimenta\u00e7\u00e3o e transporte em Santa Rita do Sapuca\u00ed e cidades vizinhas.<\/p>\n\n\n\n<p class=\"wp-block-paragraph\">Neste ano, o festival tamb\u00e9m recebe parcerias voltadas ao desenvolvimento territorial da regi\u00e3o, com iniciativas que buscam dar continuidade a discuss\u00f5es sobre inova\u00e7\u00e3o e lideran\u00e7a para al\u00e9m da programa\u00e7\u00e3o oficial, refor\u00e7ando o papel do HackTown 2026 como um dos principais motores de desenvolvimento econ\u00f4mico e tecnol\u00f3gico do Sul de Minas Gerais.<\/p>\n","protected":false},"excerpt":{"rendered":"<p>O HackTown 2026 come\u00e7ou nesta quinta-feira, 3 de setembro, em Santa Rita do Sapuca\u00ed, no Sul de Minas Gerais, com uma programa\u00e7\u00e3o voltada para tecnologia, intelig\u00eancia artificial e novos neg\u00f3cios. Em sua d\u00e9cima edi\u00e7\u00e3o, o festival segue at\u00e9 domingo, 7 de setembro, e transforma diferentes pontos da cidade em espa\u00e7os de debate, experi\u00eancias e encontros [&hellip;]<\/p>\n","protected":false},"author":5,"featured_media":8349,"comment_status":"closed","ping_status":"open","sticky":false,"template":"","format":"standard","meta":{"_acf_changed":false,"footnotes":""},"categories":[1,8],"tags":[],"class_list":["post-8346","post","type-post","status-publish","format-standard","has-post-thumbnail","hentry","category-geral","category-startup-inovacao"],"acf":{"subtitulo":"Festival ocupa a cidade at\u00e9 domingo (7), com mais de mil atividades.","oculta_home":false,"leitura_rapida":""},"_links":{"self":[{"href":"https:\/\/diariodocomercio.com.br\/geral\/wp-json\/wp\/v2\/posts\/8346","targetHints":{"allow":["GET"]}}],"collection":[{"href":"https:\/\/diariodocomercio.com.br\/geral\/wp-json\/wp\/v2\/posts"}],"about":[{"href":"https:\/\/diariodocomercio.com.br\/geral\/wp-json\/wp\/v2\/types\/post"}],"author":[{"embeddable":true,"href":"https:\/\/diariodocomercio.com.br\/geral\/wp-json\/wp\/v2\/users\/5"}],"replies":[{"embeddable":true,"href":"https:\/\/diariodocomercio.com.br\/geral\/wp-json\/wp\/v2\/comments?post=8346"}],"version-history":[{"count":7,"href":"https:\/\/diariodocomercio.com.br\/geral\/wp-json\/wp\/v2\/posts\/8346\/revisions"}],"predecessor-version":[{"id":8357,"href":"https:\/\/diariodocomercio.com.br\/geral\/wp-json\/wp\/v2\/posts\/8346\/revisions\/8357"}],"wp:featuredmedia":[{"embeddable":true,"href":"https:\/\/diariodocomercio.com.br\/geral\/wp-json\/wp\/v2\/media\/8349"}],"wp:attachment":[{"href":"https:\/\/diariodocomercio.com.br\/geral\/wp-json\/wp\/v2\/media?parent=8346"}],"wp:term":[{"taxonomy":"category","embeddable":true,"href":"https:\/\/diariodocomercio.com.br\/geral\/wp-json\/wp\/v2\/categories?post=8346"},{"taxonomy":"post_tag","embeddable":true,"href":"https:\/\/diariodocomercio.com.br\/geral\/wp-json\/wp\/v2\/tags?post=8346"}],"curies":[{"name":"wp","href":"https:\/\/api.w.org\/{rel}","templated":true}]}}