{"id":8358,"date":"2026-09-03T11:15:00","date_gmt":"2026-09-03T14:15:00","guid":{"rendered":"https:\/\/diariodocomercio.com.br\/geral\/?p=8358"},"modified":"2026-09-03T10:34:10","modified_gmt":"2026-09-03T13:34:10","slug":"reabertura-cachoeira-do-tabuleiro","status":"publish","type":"post","link":"https:\/\/diariodocomercio.com.br\/geral\/reabertura-cachoeira-do-tabuleiro\/","title":{"rendered":"Justi\u00e7a autoriza reabertura da cachoeira mais alta de MG, agora vigiada por drone"},"content":{"rendered":"\n<p class=\"wp-block-paragraph\">A Vara \u00danica da Comarca de Concei\u00e7\u00e3o do Mato Dentro autorizou nesta ter\u00e7a-feira (2) a reabertura da Cachoeira do Tabuleiro, ap\u00f3s o <a href=\"https:\/\/www.mpmg.mp.br\/\" target=\"_blank\" rel=\"noopener\">Minist\u00e9rio P\u00fablico de Minas Gerais<\/a> (MPMG) reconhecer que o munic\u00edpio havia cumprido a maior parte das obriga\u00e7\u00f5es fixadas no Termo de Ajustamento de Conduta (TAC) assinado em dezembro de 2025.<\/p>\n\n\n\n<p class=\"wp-block-paragraph\">Para que as visitas voltassem, a Justi\u00e7a exigiu que os equipamentos de monitoramento operem sem interrup\u00e7\u00e3o e que os protocolos de seguran\u00e7a sejam respeitados. O acesso ao po\u00e7o principal estava proibido desde 24 de julho, quando o MPMG decretou a segunda interdi\u00e7\u00e3o <a href=\"https:\/\/diariodocomercio.com.br\/geral\/justica-determina-fechamento-da-cachoeira-do-tabuleiro-menos-de-uma-semana-apos-a-reabertura\/\">menos de uma semana ap\u00f3s uma reabertura anterior<\/a>.<\/p>\n\n\n\n<p class=\"wp-block-paragraph\">O atrativo integra o Parque Natural Municipal do Tabuleiro, dentro da Reserva da Biosfera da Serra do Espinha\u00e7o, reconhecida pela Unesco, e \u00e9 considerado a cachoeira mais alta de Minas Gerais e a terceira maior do Brasil em altura.<\/p>\n\n\n\n<h2 class=\"wp-block-heading\"><strong>Sism\u00f3grafo e drone agora vigiam a Cachoeira do Tabuleiro<\/strong><\/h2>\n\n\n\n<p class=\"wp-block-paragraph\">Segundo o MPMG, entre 23 e 24 de julho o munic\u00edpio colocou em opera\u00e7\u00e3o uma esta\u00e7\u00e3o sismogr\u00e1fica permanente. Equipada com sensor s\u00edsmico e energia solar aut\u00f4noma, a esta\u00e7\u00e3o envia as leituras remotamente em tempo real, sem necessidade de interven\u00e7\u00e3o humana no local.<\/p>\n\n\n\n<p class=\"wp-block-paragraph\">A cerca de dois quil\u00f4metros da queda principal, no trecho conhecido como Alto da Cachoeira da Andorinha, passou a funcionar tamb\u00e9m uma esta\u00e7\u00e3o hidrometeorol\u00f3gica, instalada entre 4 e 5 de agosto. O equipamento monitora de forma cont\u00ednua os \u00edndices de chuva e o n\u00edvel do curso d&#8217;\u00e1gua.<\/p>\n\n\n\n<p class=\"wp-block-paragraph\">O munic\u00edpio criou ainda um sistema permanente de seguran\u00e7a para o parque, com protocolos de opera\u00e7\u00e3o e monitoramento por drone do pared\u00e3o rochoso para detectar altera\u00e7\u00f5es geol\u00f3gicas com anteced\u00eancia.<\/p>\n\n\n\n<h2 class=\"wp-block-heading\"><strong>Pend\u00eancias e prazo para regulariza\u00e7\u00e3o<\/strong><\/h2>\n\n\n\n<p class=\"wp-block-paragraph\">A Promotoria de Concei\u00e7\u00e3o do Mato Dentro apontou quatro itens ainda sem comprova\u00e7\u00e3o: pain\u00e9is com os registros hist\u00f3ricos de vibra\u00e7\u00e3o do maci\u00e7o, com os n\u00edveis de chuva captados a montante e o tempo de escoamento at\u00e9 a queda, e com as leituras das esta\u00e7\u00f5es de monitoramento, al\u00e9m de uma placa vis\u00edvel na portaria com o nome do profissional respons\u00e1vel pela vistoria. A prefeitura tem 15 dias para regularizar os itens.<\/p>\n\n\n\n<p class=\"wp-block-paragraph\">H\u00e1 ainda a obriga\u00e7\u00e3o de entregar uma reavalia\u00e7\u00e3o geol\u00f3gico-geot\u00e9cnica do pared\u00e3o rochoso em at\u00e9 30 dias ap\u00f3s o encerramento do pr\u00f3ximo per\u00edodo chuvoso. Se as obriga\u00e7\u00f5es n\u00e3o forem atendidas, a cachoeira pode voltar a ser fechada.<\/p>\n","protected":false},"excerpt":{"rendered":"<p>A Vara \u00danica da Comarca de Concei\u00e7\u00e3o do Mato Dentro autorizou nesta ter\u00e7a-feira (2) a reabertura da Cachoeira do Tabuleiro, ap\u00f3s o Minist\u00e9rio P\u00fablico de Minas Gerais (MPMG) reconhecer que o munic\u00edpio havia cumprido a maior parte das obriga\u00e7\u00f5es fixadas no Termo de Ajustamento de Conduta (TAC) assinado em dezembro de 2025. Para que as [&hellip;]<\/p>\n","protected":false},"author":4,"featured_media":4581,"comment_status":"closed","ping_status":"open","sticky":false,"template":"","format":"standard","meta":{"_acf_changed":false,"footnotes":""},"categories":[13],"tags":[],"class_list":["post-8358","post","type-post","status-publish","format-standard","has-post-thumbnail","hentry","category-regional"],"acf":{"subtitulo":"Munic\u00edpio tem 15 dias para regularizar pend\u00eancias ap\u00f3s MPMG reconhecer cumprimento parcial do acordo","oculta_home":false,"leitura_rapida":""},"_links":{"self":[{"href":"https:\/\/diariodocomercio.com.br\/geral\/wp-json\/wp\/v2\/posts\/8358","targetHints":{"allow":["GET"]}}],"collection":[{"href":"https:\/\/diariodocomercio.com.br\/geral\/wp-json\/wp\/v2\/posts"}],"about":[{"href":"https:\/\/diariodocomercio.com.br\/geral\/wp-json\/wp\/v2\/types\/post"}],"author":[{"embeddable":true,"href":"https:\/\/diariodocomercio.com.br\/geral\/wp-json\/wp\/v2\/users\/4"}],"replies":[{"embeddable":true,"href":"https:\/\/diariodocomercio.com.br\/geral\/wp-json\/wp\/v2\/comments?post=8358"}],"version-history":[{"count":2,"href":"https:\/\/diariodocomercio.com.br\/geral\/wp-json\/wp\/v2\/posts\/8358\/revisions"}],"predecessor-version":[{"id":8360,"href":"https:\/\/diariodocomercio.com.br\/geral\/wp-json\/wp\/v2\/posts\/8358\/revisions\/8360"}],"wp:featuredmedia":[{"embeddable":true,"href":"https:\/\/diariodocomercio.com.br\/geral\/wp-json\/wp\/v2\/media\/4581"}],"wp:attachment":[{"href":"https:\/\/diariodocomercio.com.br\/geral\/wp-json\/wp\/v2\/media?parent=8358"}],"wp:term":[{"taxonomy":"category","embeddable":true,"href":"https:\/\/diariodocomercio.com.br\/geral\/wp-json\/wp\/v2\/categories?post=8358"},{"taxonomy":"post_tag","embeddable":true,"href":"https:\/\/diariodocomercio.com.br\/geral\/wp-json\/wp\/v2\/tags?post=8358"}],"curies":[{"name":"wp","href":"https:\/\/api.w.org\/{rel}","templated":true}]}}