{"id":8367,"date":"2026-09-03T12:01:23","date_gmt":"2026-09-03T15:01:23","guid":{"rendered":"https:\/\/diariodocomercio.com.br\/geral\/?p=8367"},"modified":"2026-09-03T12:01:25","modified_gmt":"2026-09-03T15:01:25","slug":"nestle-fabrica-em-ituiutaba-investimento-minas-gerais","status":"publish","type":"post","link":"https:\/\/diariodocomercio.com.br\/geral\/nestle-fabrica-em-ituiutaba-investimento-minas-gerais\/","title":{"rendered":"Nestl\u00e9 investe R$ 600 milh\u00f5es em nova f\u00e1brica em Minas Gerais"},"content":{"rendered":"\n<p class=\"wp-block-paragraph\">A <a href=\"https:\/\/www.nestle.com.br\/\" target=\"_blank\" rel=\"noopener\">Nestl\u00e9<\/a> vai investir R$ 600 milh\u00f5es em uma nova f\u00e1brica em Ituiutaba, no Tri\u00e2ngulo Mineiro. A unidade ser\u00e1 destinada \u00e0 produ\u00e7\u00e3o de f\u00f3rmulas infantis e ficar\u00e1 ao lado do complexo industrial que a multinacional j\u00e1 mant\u00e9m no munic\u00edpio para a fabrica\u00e7\u00e3o de produtos l\u00e1cteos.<\/p>\n\n\n\n<p class=\"wp-block-paragraph\">Com o investimento, Minas Gerais ser\u00e1 o segundo Estado brasileiro a contar com uma unidade da Nestl\u00e9 dedicada \u00e0 produ\u00e7\u00e3o de f\u00f3rmulas infantis. Atualmente, S\u00e3o Paulo concentra essa opera\u00e7\u00e3o, com a f\u00e1brica de Ara\u00e7atuba, no interior paulista.<\/p>\n\n\n\n<p class=\"wp-block-paragraph\">A nova f\u00e1brica em Ituiutaba ter\u00e1 \u00e1rea de aproximadamente 11 mil metros quadrados. A constru\u00e7\u00e3o est\u00e1 prevista para come\u00e7ar em 2027 e dever\u00e1 gerar cerca de 700 empregos durante as obras. Ap\u00f3s a conclus\u00e3o, a expectativa \u00e9 de cria\u00e7\u00e3o de aproximadamente 100 postos de trabalho diretos.<\/p>\n\n\n\n<h2 class=\"wp-block-heading\"><strong>F\u00e1brica em Ituiutaba come\u00e7a a operar em 2028<\/strong><\/h2>\n\n\n\n<h2 class=\"wp-block-heading\"><strong>Quais produtos ser\u00e3o fabricados em Ituiutaba?<\/strong><\/h2>\n\n\n\n<p class=\"wp-block-paragraph\">A <a href=\"https:\/\/diariodocomercio.com.br\/geral\/expansao-fabrica-nescafe-dolce-gusto-montes-claros\/\">f\u00e1brica da Nestl\u00e9<\/a> em Ituiutaba se dedica \u00e0 produ\u00e7\u00e3o de quatro produtos do portf\u00f3lio de nutri\u00e7\u00e3o infantil da marca: Nestogeno, Nestonutri, Ninho 1+ e Ninho 3+.<\/p>\n\n\n\n<p class=\"wp-block-paragraph\">A previs\u00e3o da Nestl\u00e9 \u00e9 iniciar as opera\u00e7\u00f5es da nova unidade no segundo semestre de 2028. O munic\u00edpio mineiro j\u00e1 abriga a maior f\u00e1brica de l\u00e1cteos da companhia na Am\u00e9rica Latina, o que refor\u00e7a a import\u00e2ncia de Ituiutaba para a estrat\u00e9gia industrial da empresa no pa\u00eds.<\/p>\n\n\n\n<p class=\"wp-block-paragraph\">Inicialmente, a produ\u00e7\u00e3o ser\u00e1 direcionada ao mercado brasileiro. A m\u00e9dio prazo, por\u00e9m, a Nestl\u00e9 pretende transformar a unidade mineira em um hub de exporta\u00e7\u00e3o de f\u00f3rmulas infantis, ampliando a participa\u00e7\u00e3o do Brasil no abastecimento de outros mercados.<\/p>\n\n\n\n<p class=\"wp-block-paragraph\">O investimento tamb\u00e9m busca aumentar a produ\u00e7\u00e3o nacional e reduzir a depend\u00eancia de produtos importados. Atualmente, parte das f\u00f3rmulas infantis comercializadas no Brasil \u00e9 produzida em unidades da Nestl\u00e9 na Alemanha e na Turquia.<\/p>\n\n\n\n<h2 class=\"wp-block-heading\"><strong>Investimento faz parte de pacote de R$ 2 bilh\u00f5es<\/strong><\/h2>\n\n\n\n<p class=\"wp-block-paragraph\">O aporte de R$ 600 milh\u00f5es na f\u00e1brica em Ituiutab<strong>a<\/strong> integra um pacote de R$ 2 bilh\u00f5es que a Nestl\u00e9 anunciou para sua divis\u00e3o de Nutri\u00e7\u00e3o e Sa\u00fade no Brasil at\u00e9 2028.<\/p>\n\n\n\n<p class=\"wp-block-paragraph\">Outra parte relevante dos recursos, de R$ 540 milh\u00f5es, ser\u00e1 destinada \u00e0 expans\u00e3o da f\u00e1brica de Ara\u00e7atuba, considerada a principal unidade da empresa no pa\u00eds para a produ\u00e7\u00e3o de f\u00f3rmulas infantis.&nbsp;<\/p>\n\n\n\n<p class=\"wp-block-paragraph\">O Brasil \u00e9 o terceiro maior mercado da Nestl\u00e9 no mundo. Segundo a companhia, a \u00e1rea de Nutri\u00e7\u00e3o e Sa\u00fade representa 27% dos resultados das opera\u00e7\u00f5es brasileiras, ficando atr\u00e1s apenas da divis\u00e3o de caf\u00e9s.<\/p>\n\n\n\n<p class=\"wp-block-paragraph\">A estrat\u00e9gia da empresa \u00e9 ampliar a oferta de produtos voltados a diferentes fases da vida, desde o planejamento da gravidez at\u00e9 produtos associados \u00e0 longevidade. Nesse cen\u00e1rio, a nova unidade de Ituiutaba passa a ter papel estrat\u00e9gico tanto para o mercado nacional quanto para a expans\u00e3o das exporta\u00e7\u00f5es.<\/p>\n","protected":false},"excerpt":{"rendered":"<p>A Nestl\u00e9 vai investir R$ 600 milh\u00f5es em uma nova f\u00e1brica em Ituiutaba, no Tri\u00e2ngulo Mineiro. A unidade ser\u00e1 destinada \u00e0 produ\u00e7\u00e3o de f\u00f3rmulas infantis e ficar\u00e1 ao lado do complexo industrial que a multinacional j\u00e1 mant\u00e9m no munic\u00edpio para a fabrica\u00e7\u00e3o de produtos l\u00e1cteos. Com o investimento, Minas Gerais ser\u00e1 o segundo Estado brasileiro [&hellip;]<\/p>\n","protected":false},"author":3,"featured_media":8369,"comment_status":"closed","ping_status":"open","sticky":false,"template":"","format":"standard","meta":{"_acf_changed":false,"footnotes":""},"categories":[1,9],"tags":[],"class_list":["post-8367","post","type-post","status-publish","format-standard","has-post-thumbnail","hentry","category-geral","category-economia"],"acf":{"subtitulo":"Unidade de Ituiutaba ser\u00e1 dedicada \u00e0 produ\u00e7\u00e3o de f\u00f3rmulas infantis, ter\u00e1 11 mil m\u00b2 e deve come\u00e7ar a operar no segundo semestre de 2028","oculta_home":false,"leitura_rapida":""},"_links":{"self":[{"href":"https:\/\/diariodocomercio.com.br\/geral\/wp-json\/wp\/v2\/posts\/8367","targetHints":{"allow":["GET"]}}],"collection":[{"href":"https:\/\/diariodocomercio.com.br\/geral\/wp-json\/wp\/v2\/posts"}],"about":[{"href":"https:\/\/diariodocomercio.com.br\/geral\/wp-json\/wp\/v2\/types\/post"}],"author":[{"embeddable":true,"href":"https:\/\/diariodocomercio.com.br\/geral\/wp-json\/wp\/v2\/users\/3"}],"replies":[{"embeddable":true,"href":"https:\/\/diariodocomercio.com.br\/geral\/wp-json\/wp\/v2\/comments?post=8367"}],"version-history":[{"count":2,"href":"https:\/\/diariodocomercio.com.br\/geral\/wp-json\/wp\/v2\/posts\/8367\/revisions"}],"predecessor-version":[{"id":8370,"href":"https:\/\/diariodocomercio.com.br\/geral\/wp-json\/wp\/v2\/posts\/8367\/revisions\/8370"}],"wp:featuredmedia":[{"embeddable":true,"href":"https:\/\/diariodocomercio.com.br\/geral\/wp-json\/wp\/v2\/media\/8369"}],"wp:attachment":[{"href":"https:\/\/diariodocomercio.com.br\/geral\/wp-json\/wp\/v2\/media?parent=8367"}],"wp:term":[{"taxonomy":"category","embeddable":true,"href":"https:\/\/diariodocomercio.com.br\/geral\/wp-json\/wp\/v2\/categories?post=8367"},{"taxonomy":"post_tag","embeddable":true,"href":"https:\/\/diariodocomercio.com.br\/geral\/wp-json\/wp\/v2\/tags?post=8367"}],"curies":[{"name":"wp","href":"https:\/\/api.w.org\/{rel}","templated":true}]}}