{"id":8371,"date":"2026-09-03T12:30:00","date_gmt":"2026-09-03T15:30:00","guid":{"rendered":"https:\/\/diariodocomercio.com.br\/geral\/?p=8371"},"modified":"2026-09-03T12:12:10","modified_gmt":"2026-09-03T15:12:10","slug":"reservatorio-vilarinho-ii","status":"publish","type":"post","link":"https:\/\/diariodocomercio.com.br\/geral\/reservatorio-vilarinho-ii\/","title":{"rendered":"PBH reabre licita\u00e7\u00e3o para concluir o Reservat\u00f3rio Vilarinho II"},"content":{"rendered":"\n<p class=\"wp-block-paragraph\">A <a href=\"https:\/\/prefeitura.pbh.gov.br\/\" target=\"_blank\" rel=\"noreferrer noopener\">Prefeitura de Belo Horizonte<\/a> abriu, nesta quinta-feira (3\/9), uma nova licita\u00e7\u00e3o para contratar a empresa respons\u00e1vel por concluir o Reservat\u00f3rio Vilarinho II, estrutura voltada \u00e0 conten\u00e7\u00e3o de enchentes na regi\u00e3o de Venda Nova. <\/p>\n\n\n\n<p class=\"wp-block-paragraph\">As propostas devem ser entregues at\u00e9 o dia 13 de outubro, data em que tamb\u00e9m ser\u00e3o abertas pela comiss\u00e3o respons\u00e1vel pelo processo.<\/p>\n\n\n\n<p class=\"wp-block-paragraph\">O Reservat\u00f3rio Vilarinho II integra um sistema de macrodrenagem que re\u00fane os c\u00f3rregos Vilarinho e Nado e o Ribeir\u00e3o Isidoro, na regi\u00e3o Norte da capital mineira. <\/p>\n\n\n\n<p class=\"wp-block-paragraph\">A estrutura funciona como uma esp\u00e9cie de bacia subterr\u00e2nea, projetada para acumular o excesso de \u00e1gua durante chuvas intensas e liber\u00e1-lo de forma controlada depois que o temporal passa, reduzindo a press\u00e3o sobre a rede de drenagem e evitando que o volume de \u00e1gua transborde nas ruas e avenidas da regi\u00e3o.<\/p>\n\n\n\n<p class=\"wp-block-paragraph\">Quando conclu\u00eddo, o reservat\u00f3rio ter\u00e1 capacidade para armazenar aproximadamente 115 milh\u00f5es de litros de \u00e1gua, incluindo a laje de cobertura da estrutura. <\/p>\n\n\n\n<p class=\"wp-block-paragraph\">Atualmente, a obra j\u00e1 opera parcialmente, retendo cerca de 60 milh\u00f5es de litros, o que representa pouco mais da metade da capacidade total prevista em projeto.<\/p>\n\n\n\n<h2 class=\"wp-block-heading\">Por que a regi\u00e3o de Venda Nova precisa dessa obra<\/h2>\n\n\n\n<p class=\"wp-block-paragraph\">A Avenida Vilarinho \u00e9 um dos pontos mais cr\u00edticos da cidade quando o assunto \u00e9 enchente. A regi\u00e3o convive h\u00e1 d\u00e9cadas com o transbordamento do c\u00f3rrego que d\u00e1 nome \u00e0 avenida, um problema que se agravou ao longo dos anos com a canaliza\u00e7\u00e3o do curso d&#8217;\u00e1gua e o aumento da impermeabiliza\u00e7\u00e3o do solo, provocado pela expans\u00e3o urbana. <\/p>\n\n\n\n<p class=\"wp-block-paragraph\">Em novembro de 2018, temporais na regi\u00e3o chegaram a causar mortes e destrui\u00e7\u00e3o de im\u00f3veis e com\u00e9rcios ao longo da via.<\/p>\n\n\n\n<p class=\"wp-block-paragraph\">Diante desse hist\u00f3rico, a Prefeitura de Belo Horizonte j\u00e1 executou outras interven\u00e7\u00f5es na bacia dos c\u00f3rregos Vilarinho, Nado e Lareira, incluindo bacias de conten\u00e7\u00e3o e obras de urbaniza\u00e7\u00e3o de fundo de vale. <\/p>\n\n\n\n<p class=\"wp-block-paragraph\">O Reservat\u00f3rio Vilarinho II \u00e9 considerado uma das etapas mais importantes desse conjunto de a\u00e7\u00f5es, junto com um segundo reservat\u00f3rio profundo batizado de Nado I, que segue em obras na mesma regi\u00e3o.<\/p>\n\n\n\n<h2 class=\"wp-block-heading\">Valor do investimento e origem dos recursos<\/h2>\n\n\n\n<p class=\"wp-block-paragraph\">O investimento total previsto para a obra \u00e9 de R$ 263 milh\u00f5es, com recursos oriundos de financiamento da Caixa Econ\u00f4mica Federal. <\/p>\n\n\n\n<p class=\"wp-block-paragraph\">Esse tipo de obra costuma exigir aportes elevados justamente pela complexidade da escava\u00e7\u00e3o em \u00e1reas urbanas j\u00e1 consolidadas, que envolve grande movimenta\u00e7\u00e3o de terra, refor\u00e7o estrutural do solo e cuidados para n\u00e3o comprometer constru\u00e7\u00f5es e vias no entorno do canteiro.<\/p>\n\n\n\n<p class=\"wp-block-paragraph\">A nova licita\u00e7\u00e3o busca justamente destravar essa etapa final da obra, depois de o cronograma inicial ter sofrido atrasos ligados a dificuldades t\u00e9cnicas durante a escava\u00e7\u00e3o do reservat\u00f3rio, um desafio comum em interven\u00e7\u00f5es desse porte, que costumam enfrentar imprevistos geol\u00f3gicos ao longo da execu\u00e7\u00e3o.<\/p>\n\n\n\n<h2 class=\"wp-block-heading\">O que muda para os moradores da regi\u00e3o<\/h2>\n\n\n\n<p class=\"wp-block-paragraph\">A conclus\u00e3o do Reservat\u00f3rio Vilarinho II deve reduzir a frequ\u00eancia e a intensidade dos alagamentos na Avenida Vilarinho, uma das mais movimentadas de Venda Nova, concentrando com\u00e9rcio, servi\u00e7os e grande fluxo de pedestres e ve\u00edculos. <\/p>\n\n\n\n<p class=\"wp-block-paragraph\">Para comerciantes e moradores que j\u00e1 perderam mercadorias, ve\u00edculos e at\u00e9 im\u00f3veis em enchentes anteriores, a obra representa uma expectativa concreta de mais seguran\u00e7a durante o per\u00edodo chuvoso.<\/p>\n\n\n\n<p class=\"wp-block-paragraph\">Al\u00e9m do ganho direto em seguran\u00e7a h\u00eddrica, a conclus\u00e3o da obra deve gerar empregos e movimentar a economia local durante a fase de execu\u00e7\u00e3o, com contrata\u00e7\u00e3o de m\u00e3o de obra e fornecedores para dar sequ\u00eancia aos trabalhos que ainda faltam para a entrega final da estrutura.<\/p>\n\n\n\n<h2 class=\"wp-block-heading\">Pr\u00f3ximos passos do processo<\/h2>\n\n\n\n<p class=\"wp-block-paragraph\">Depois da entrega e abertura das propostas em outubro, a Prefeitura seguir\u00e1 com a an\u00e1lise t\u00e9cnica e financeira das empresas participantes antes de assinar o contrato de execu\u00e7\u00e3o. <\/p>\n\n\n\n<p class=\"wp-block-paragraph\">S\u00f3 ent\u00e3o ser\u00e1 poss\u00edvel definir um novo cronograma detalhado de conclus\u00e3o das obras, que depender\u00e1 tanto da complexidade t\u00e9cnica remanescente quanto da capacidade operacional da empresa vencedora do certame.<\/p>\n\n\n\n<p class=\"wp-block-paragraph\">Enquanto a fase final n\u00e3o \u00e9 conclu\u00edda, a estrutura j\u00e1 em funcionamento parcial segue ajudando a amortecer parte do volume de chuva que desce pela bacia dos c\u00f3rregos Vilarinho e Nado, ainda que sem a capacidade m\u00e1xima projetada. <\/p>\n\n\n\n<p class=\"wp-block-paragraph\">A expectativa da Prefeitura \u00e9 que, assim que a nova empresa assumir a obra, o ritmo de execu\u00e7\u00e3o avance de forma mais est\u00e1vel at\u00e9 a entrega definitiva do reservat\u00f3rio.<\/p>\n","protected":false},"excerpt":{"rendered":"<p>A Prefeitura de Belo Horizonte abriu, nesta quinta-feira (3\/9), uma nova licita\u00e7\u00e3o para contratar a empresa respons\u00e1vel por concluir o Reservat\u00f3rio Vilarinho II, estrutura voltada \u00e0 conten\u00e7\u00e3o de enchentes na regi\u00e3o de Venda Nova. As propostas devem ser entregues at\u00e9 o dia 13 de outubro, data em que tamb\u00e9m ser\u00e3o abertas pela comiss\u00e3o respons\u00e1vel pelo [&hellip;]<\/p>\n","protected":false},"author":5,"featured_media":8374,"comment_status":"closed","ping_status":"open","sticky":false,"template":"","format":"standard","meta":{"_acf_changed":false,"footnotes":""},"categories":[1],"tags":[],"class_list":["post-8371","post","type-post","status-publish","format-standard","has-post-thumbnail","hentry","category-geral"],"acf":{"subtitulo":"Prefeitura busca empresa para finalizar obra contra enchentes em Venda Nova, com propostas aceitas at\u00e9 13 de outubro.","oculta_home":false,"leitura_rapida":""},"_links":{"self":[{"href":"https:\/\/diariodocomercio.com.br\/geral\/wp-json\/wp\/v2\/posts\/8371","targetHints":{"allow":["GET"]}}],"collection":[{"href":"https:\/\/diariodocomercio.com.br\/geral\/wp-json\/wp\/v2\/posts"}],"about":[{"href":"https:\/\/diariodocomercio.com.br\/geral\/wp-json\/wp\/v2\/types\/post"}],"author":[{"embeddable":true,"href":"https:\/\/diariodocomercio.com.br\/geral\/wp-json\/wp\/v2\/users\/5"}],"replies":[{"embeddable":true,"href":"https:\/\/diariodocomercio.com.br\/geral\/wp-json\/wp\/v2\/comments?post=8371"}],"version-history":[{"count":8,"href":"https:\/\/diariodocomercio.com.br\/geral\/wp-json\/wp\/v2\/posts\/8371\/revisions"}],"predecessor-version":[{"id":8381,"href":"https:\/\/diariodocomercio.com.br\/geral\/wp-json\/wp\/v2\/posts\/8371\/revisions\/8381"}],"wp:featuredmedia":[{"embeddable":true,"href":"https:\/\/diariodocomercio.com.br\/geral\/wp-json\/wp\/v2\/media\/8374"}],"wp:attachment":[{"href":"https:\/\/diariodocomercio.com.br\/geral\/wp-json\/wp\/v2\/media?parent=8371"}],"wp:term":[{"taxonomy":"category","embeddable":true,"href":"https:\/\/diariodocomercio.com.br\/geral\/wp-json\/wp\/v2\/categories?post=8371"},{"taxonomy":"post_tag","embeddable":true,"href":"https:\/\/diariodocomercio.com.br\/geral\/wp-json\/wp\/v2\/tags?post=8371"}],"curies":[{"name":"wp","href":"https:\/\/api.w.org\/{rel}","templated":true}]}}