{"id":8376,"date":"2026-09-03T12:45:00","date_gmt":"2026-09-03T15:45:00","guid":{"rendered":"https:\/\/diariodocomercio.com.br\/geral\/?p=8376"},"modified":"2026-09-03T12:16:34","modified_gmt":"2026-09-03T15:16:34","slug":"uberlandia-programa-primeiro-emprego","status":"publish","type":"post","link":"https:\/\/diariodocomercio.com.br\/geral\/uberlandia-programa-primeiro-emprego\/","title":{"rendered":"Uberl\u00e2ndia abre curso gratuito que ajuda a conquistar o 1\u00ba emprego; veja como se inscrever"},"content":{"rendered":"\n<p class=\"wp-block-paragraph\">A <a href=\"https:\/\/www.uberlandia.mg.gov.br\" target=\"_blank\" rel=\"noopener\">Prefeitura de Uberl\u00e2ndia<\/a> abriu nesta quarta-feira (3) as inscri\u00e7\u00f5es para o Programa Primeiro Emprego, para quem tem entre 15 e 22 anos. O curso \u00e9 gratuito, tem 20 horas de dura\u00e7\u00e3o e prev\u00ea atender aproximadamente 400 participantes at\u00e9 o fim de 2026.<\/p>\n\n\n\n<h2 class=\"wp-block-heading\"><strong>Como funciona o Programa Primeiro Emprego<\/strong><\/h2>\n\n\n\n<p class=\"wp-block-paragraph\">A iniciativa \u00e9 coordenada pela Secretaria Municipal de Desenvolvimento Social e atende, com prioridade, quem vive em condi\u00e7\u00e3o de vulnerabilidade social.<\/p>\n\n\n\n<p class=\"wp-block-paragraph\">O curso aborda comunica\u00e7\u00e3o, postura no trabalho e prepara\u00e7\u00e3o para entrevistas, al\u00e9m dos direitos do jovem aprendiz, din\u00e2micas de equipe e o funcionamento do mercado.<\/p>\n\n\n\n<p class=\"wp-block-paragraph\">Cada turma funciona no turno da tarde ou da noite, de acordo com a disponibilidade dos participantes. Os espa\u00e7os utilizados s\u00e3o os Centros Profissionalizantes, as unidades do Naica (N\u00facleo de Apoio Integral \u00e0 Crian\u00e7a e ao Adolescente) e o Sine Uberl\u00e2ndia, cobrindo diferentes regi\u00f5es do munic\u00edpio.<\/p>\n\n\n\n<p class=\"wp-block-paragraph\">Ao todo, ser\u00e3o formadas 20 turmas ao longo deste ano.<\/p>\n\n\n\n<h2 class=\"wp-block-heading\"><strong>Como se inscrever<\/strong><\/h2>\n\n\n\n<p class=\"wp-block-paragraph\">As inscri\u00e7\u00f5es v\u00e3o at\u00e9 9 de setembro, das 8h \u00e0s 17h, no Sine Uberl\u00e2ndia, na Pra\u00e7a Tubal Vilela, n\u00ba 60, no Centro. O atendimento \u00e9 presencial e exige documento de identidade e comprovantes de escolaridade, resid\u00eancia e renda familiar.&nbsp;<\/p>\n\n\n\n<p class=\"wp-block-paragraph\">A primeira turma tem in\u00edcio em 14 de setembro.<\/p>\n\n\n\n<p class=\"wp-block-paragraph\">Quem concluir o curso pode ser encaminhado para vagas de aprendizagem ou outras oportunidades, conforme o perfil de cada jovem. O processo envolve a Secretaria de Desenvolvimento Social, empresas, o Sine e entidades conveniadas ao programa.<\/p>\n","protected":false},"excerpt":{"rendered":"<p>A Prefeitura de Uberl\u00e2ndia abriu nesta quarta-feira (3) as inscri\u00e7\u00f5es para o Programa Primeiro Emprego, para quem tem entre 15 e 22 anos. O curso \u00e9 gratuito, tem 20 horas de dura\u00e7\u00e3o e prev\u00ea atender aproximadamente 400 participantes at\u00e9 o fim de 2026. Como funciona o Programa Primeiro Emprego A iniciativa \u00e9 coordenada pela Secretaria [&hellip;]<\/p>\n","protected":false},"author":4,"featured_media":8385,"comment_status":"closed","ping_status":"open","sticky":false,"template":"","format":"standard","meta":{"_acf_changed":false,"footnotes":""},"categories":[11],"tags":[],"class_list":["post-8376","post","type-post","status-publish","format-standard","has-post-thumbnail","hentry","category-cidades"],"acf":{"subtitulo":"Curso gratuito de 20 horas \u00e9 voltado para jovens em situa\u00e7\u00e3o de vulnerabilidade social, com in\u00edcio em 14 de setembro","oculta_home":false,"leitura_rapida":""},"_links":{"self":[{"href":"https:\/\/diariodocomercio.com.br\/geral\/wp-json\/wp\/v2\/posts\/8376","targetHints":{"allow":["GET"]}}],"collection":[{"href":"https:\/\/diariodocomercio.com.br\/geral\/wp-json\/wp\/v2\/posts"}],"about":[{"href":"https:\/\/diariodocomercio.com.br\/geral\/wp-json\/wp\/v2\/types\/post"}],"author":[{"embeddable":true,"href":"https:\/\/diariodocomercio.com.br\/geral\/wp-json\/wp\/v2\/users\/4"}],"replies":[{"embeddable":true,"href":"https:\/\/diariodocomercio.com.br\/geral\/wp-json\/wp\/v2\/comments?post=8376"}],"version-history":[{"count":2,"href":"https:\/\/diariodocomercio.com.br\/geral\/wp-json\/wp\/v2\/posts\/8376\/revisions"}],"predecessor-version":[{"id":8384,"href":"https:\/\/diariodocomercio.com.br\/geral\/wp-json\/wp\/v2\/posts\/8376\/revisions\/8384"}],"wp:featuredmedia":[{"embeddable":true,"href":"https:\/\/diariodocomercio.com.br\/geral\/wp-json\/wp\/v2\/media\/8385"}],"wp:attachment":[{"href":"https:\/\/diariodocomercio.com.br\/geral\/wp-json\/wp\/v2\/media?parent=8376"}],"wp:term":[{"taxonomy":"category","embeddable":true,"href":"https:\/\/diariodocomercio.com.br\/geral\/wp-json\/wp\/v2\/categories?post=8376"},{"taxonomy":"post_tag","embeddable":true,"href":"https:\/\/diariodocomercio.com.br\/geral\/wp-json\/wp\/v2\/tags?post=8376"}],"curies":[{"name":"wp","href":"https:\/\/api.w.org\/{rel}","templated":true}]}}