{"id":8383,"date":"2026-09-03T13:15:00","date_gmt":"2026-09-03T16:15:00","guid":{"rendered":"https:\/\/diariodocomercio.com.br\/geral\/?p=8383"},"modified":"2026-09-03T12:21:04","modified_gmt":"2026-09-03T15:21:04","slug":"nova-fabrica-da-idealpan","status":"publish","type":"post","link":"https:\/\/diariodocomercio.com.br\/geral\/nova-fabrica-da-idealpan\/","title":{"rendered":"Nova f\u00e1brica da Idealpan aposta em p\u00e3o de queijo mineiro"},"content":{"rendered":"\n<p class=\"wp-block-paragraph\">A Idealpan, ind\u00fastria de p\u00e3o de queijo sediada em Jo\u00e3o Monlevade, no Vale do A\u00e7o, vai investir R$ 40 milh\u00f5es na constru\u00e7\u00e3o de uma nova unidade em S\u00e3o Gon\u00e7alo do Rio Abaixo, na regi\u00e3o Central de Minas Gerais. A nova f\u00e1brica da Idealpan integra a estrat\u00e9gia de expans\u00e3o da companhia e tem potencial para elevar o faturamento anual dos atuais R$ 150 milh\u00f5es para aproximadamente R$ 250 milh\u00f5es assim que a nova opera\u00e7\u00e3o entrar em funcionamento.<\/p>\n\n\n\n<p class=\"wp-block-paragraph\">O empreendimento vai ocupar um terreno de 60 mil metros quadrados, localizado \u00e0s margens da <a href=\"https:\/\/diariodocomercio.com.br\/geral\/ppd-br-381-novos-pontos-de-descanso-para-caminhoneiros\/\">BR-381<\/a>, uma das principais rodovias de liga\u00e7\u00e3o entre Minas Gerais e S\u00e3o Paulo. <\/p>\n\n\n\n<p class=\"wp-block-paragraph\">A estrutura reunir\u00e1 a nova unidade fabril, um centro de distribui\u00e7\u00e3o e linhas voltadas \u00e0 fabrica\u00e7\u00e3o de novos produtos, ampliando de forma significativa a capacidade operacional da empresa em rela\u00e7\u00e3o \u00e0 planta atual.<\/p>\n\n\n\n<p class=\"wp-block-paragraph\">O planejamento da Idealpan prev\u00ea o in\u00edcio das obras entre janeiro e fevereiro de 2027, prazo que ainda depende da conclus\u00e3o das negocia\u00e7\u00f5es em andamento com a prefeitura do munic\u00edpio. <\/p>\n\n\n\n<p class=\"wp-block-paragraph\">Esse tipo de tratativa costuma envolver quest\u00f5es como infraestrutura vi\u00e1ria, disponibilidade de \u00e1gua e energia e eventuais incentivos fiscais para viabilizar a instala\u00e7\u00e3o de um empreendimento desse porte.<\/p>\n\n\n\n<h2 class=\"wp-block-heading\">Ciclo de crescimento acelerado motiva o investimento <\/h2>\n\n\n\n<p class=\"wp-block-paragraph\">A decis\u00e3o de erguer uma nova f\u00e1brica ocorre em meio a um momento de expans\u00e3o acentuada da companhia. Entre 2024 e 2025, a Idealpan registrou crescimento de aproximadamente 70% no faturamento, e a expectativa da empresa \u00e9 manter um ritmo parecido tamb\u00e9m em 2026. <\/p>\n\n\n\n<p class=\"wp-block-paragraph\">Esse desempenho est\u00e1 alinhado a um movimento mais amplo do setor de p\u00e3o de queijo congelado no pa\u00eds, que segue em expans\u00e3o nos \u00faltimos anos, impulsionado pela praticidade do produto e pela presen\u00e7a cada vez maior nas prateleiras de supermercados de todo o Brasil.<\/p>\n\n\n\n<p class=\"wp-block-paragraph\">Minas Gerais concentra cerca de dois ter\u00e7os da produ\u00e7\u00e3o nacional de p\u00e3o de queijo, reunindo desde produtores de leite at\u00e9 grandes ind\u00fastrias de alimentos, o que refor\u00e7a o papel estrat\u00e9gico do estado nesse mercado. <\/p>\n\n\n\n<p class=\"wp-block-paragraph\">A for\u00e7a da produ\u00e7\u00e3o leiteira mineira, combinada \u00e0 tradi\u00e7\u00e3o da receita, ajuda a explicar por que o setor segue atraindo novos investimentos industriais como o da Idealpan.<\/p>\n\n\n\n<h2 class=\"wp-block-heading\">Capacidade produtiva e alcance da nova f\u00e1brica da Idealpan<\/h2>\n\n\n\n<p class=\"wp-block-paragraph\">Atualmente, a Idealpan produz cerca de 50 toneladas de p\u00e3o de queijo e produtos derivados por dia, com uma equipe de aproximadamente 300 funcion\u00e1rios. A distribui\u00e7\u00e3o \u00e9 feita por meio de uma frota pr\u00f3pria de cerca de 60 ve\u00edculos e carretas, o que permite \u00e0 empresa alcan\u00e7ar 14 estados brasileiros e manter os produtos dispon\u00edveis em mais de 5 mil pontos de venda no pa\u00eds.<\/p>\n\n\n\n<p class=\"wp-block-paragraph\">Com a nova f\u00e1brica em opera\u00e7\u00e3o, a expectativa \u00e9 que esses n\u00fameros cres\u00e7am de forma proporcional ao aumento da capacidade produtiva, tanto em volume de produ\u00e7\u00e3o quanto em n\u00famero de estados atendidos e variedade de produtos oferecidos ao mercado.<\/p>\n\n\n\n<p class=\"wp-block-paragraph\">Al\u00e9m de ampliar a produ\u00e7\u00e3o do p\u00e3o de queijo tradicional, a Idealpan tamb\u00e9m planeja usar a nova estrutura para lan\u00e7ar novos produtos, aproveitando o momento de crescimento acelerado da marca. <\/p>\n\n\n\n<p class=\"wp-block-paragraph\">Esse tipo de diversifica\u00e7\u00e3o \u00e9 comum entre ind\u00fastrias do setor, que buscam ampliar o mix de itens para reduzir a depend\u00eancia de um \u00fanico produto e aproveitar a mesma estrutura fabril para atender a diferentes perfis de consumidores.<\/p>\n\n\n\n<h2 class=\"wp-block-heading\">O que o investimento representa para a economia local<\/h2>\n\n\n\n<p class=\"wp-block-paragraph\">A instala\u00e7\u00e3o de uma ind\u00fastria desse porte em S\u00e3o Gon\u00e7alo do Rio Abaixo tende a gerar empregos diretos e indiretos na fase de constru\u00e7\u00e3o e, posteriormente, na opera\u00e7\u00e3o da nova unidade fabril. <\/p>\n\n\n\n<p class=\"wp-block-paragraph\">Empreendimentos como esse tamb\u00e9m costumam impulsionar o com\u00e9rcio e os servi\u00e7os locais, al\u00e9m de fortalecer a arrecada\u00e7\u00e3o do munic\u00edpio por meio de impostos ligados \u00e0 atividade industrial.<\/p>\n\n\n\n<p class=\"wp-block-paragraph\">Para o setor de alimentos em Minas Gerais, a nova f\u00e1brica da Idealpan representa mais um sinal de que a ind\u00fastria do p\u00e3o de queijo segue como uma das mais din\u00e2micas do estado, mesmo em um cen\u00e1rio econ\u00f4mico que exige cautela na hora de planejar grandes investimentos.<\/p>\n","protected":false},"excerpt":{"rendered":"<p>A Idealpan, ind\u00fastria de p\u00e3o de queijo sediada em Jo\u00e3o Monlevade, no Vale do A\u00e7o, vai investir R$ 40 milh\u00f5es na constru\u00e7\u00e3o de uma nova unidade em S\u00e3o Gon\u00e7alo do Rio Abaixo, na regi\u00e3o Central de Minas Gerais. A nova f\u00e1brica da Idealpan integra a estrat\u00e9gia de expans\u00e3o da companhia e tem potencial para elevar [&hellip;]<\/p>\n","protected":false},"author":5,"featured_media":8387,"comment_status":"closed","ping_status":"open","sticky":false,"template":"","format":"standard","meta":{"_acf_changed":false,"footnotes":""},"categories":[1,11],"tags":[],"class_list":["post-8383","post","type-post","status-publish","format-standard","has-post-thumbnail","hentry","category-geral","category-cidades"],"acf":{"subtitulo":"Empreendimento de R$ 40 milh\u00f5es em S\u00e3o Gon\u00e7alo do Rio Abaixo deve elevar o faturamento anual da empresa de R$ 150 milh\u00f5es para R$ 250 milh\u00f5es.","oculta_home":false,"leitura_rapida":""},"_links":{"self":[{"href":"https:\/\/diariodocomercio.com.br\/geral\/wp-json\/wp\/v2\/posts\/8383","targetHints":{"allow":["GET"]}}],"collection":[{"href":"https:\/\/diariodocomercio.com.br\/geral\/wp-json\/wp\/v2\/posts"}],"about":[{"href":"https:\/\/diariodocomercio.com.br\/geral\/wp-json\/wp\/v2\/types\/post"}],"author":[{"embeddable":true,"href":"https:\/\/diariodocomercio.com.br\/geral\/wp-json\/wp\/v2\/users\/5"}],"replies":[{"embeddable":true,"href":"https:\/\/diariodocomercio.com.br\/geral\/wp-json\/wp\/v2\/comments?post=8383"}],"version-history":[{"count":6,"href":"https:\/\/diariodocomercio.com.br\/geral\/wp-json\/wp\/v2\/posts\/8383\/revisions"}],"predecessor-version":[{"id":8392,"href":"https:\/\/diariodocomercio.com.br\/geral\/wp-json\/wp\/v2\/posts\/8383\/revisions\/8392"}],"wp:featuredmedia":[{"embeddable":true,"href":"https:\/\/diariodocomercio.com.br\/geral\/wp-json\/wp\/v2\/media\/8387"}],"wp:attachment":[{"href":"https:\/\/diariodocomercio.com.br\/geral\/wp-json\/wp\/v2\/media?parent=8383"}],"wp:term":[{"taxonomy":"category","embeddable":true,"href":"https:\/\/diariodocomercio.com.br\/geral\/wp-json\/wp\/v2\/categories?post=8383"},{"taxonomy":"post_tag","embeddable":true,"href":"https:\/\/diariodocomercio.com.br\/geral\/wp-json\/wp\/v2\/tags?post=8383"}],"curies":[{"name":"wp","href":"https:\/\/api.w.org\/{rel}","templated":true}]}}