{"id":8393,"date":"2026-09-03T13:45:00","date_gmt":"2026-09-03T16:45:00","guid":{"rendered":"https:\/\/diariodocomercio.com.br\/geral\/?p=8393"},"modified":"2026-09-03T13:00:34","modified_gmt":"2026-09-03T16:00:34","slug":"curso-gratuito-do-senac-mg","status":"publish","type":"post","link":"https:\/\/diariodocomercio.com.br\/geral\/curso-gratuito-do-senac-mg\/","title":{"rendered":"Shopping Esta\u00e7\u00e3o BH abre curso gratuito do Senac-MG"},"content":{"rendered":"\n<p class=\"wp-block-paragraph\">Jovens de Belo Horizonte t\u00eam uma nova chance de qualifica\u00e7\u00e3o profissional com o curso gratuito do <a href=\"https:\/\/mg.senac.br\/\" target=\"_blank\" rel=\"noreferrer noopener\">Senac-MG<\/a> oferecido pelo Shopping Esta\u00e7\u00e3o BH. A iniciativa integra o programa EBH Educa e traz a forma\u00e7\u00e3o &#8220;Qualidade no Atendimento ao Cliente&#8221;, voltada a pessoas de 18 a 30 anos que querem desenvolver novas habilidades para o mercado de trabalho.<\/p>\n\n\n\n<p class=\"wp-block-paragraph\">O curso tem 20 horas de dura\u00e7\u00e3o e ser\u00e1 realizado de forma presencial, na Administra\u00e7\u00e3o do Shopping Esta\u00e7\u00e3o BH, entre os dias 14 e 22 de setembro. <\/p>\n\n\n\n<p class=\"wp-block-paragraph\">H\u00e1 op\u00e7\u00f5es de turma \u00e0 tarde, das 13h30 \u00e0s 16h, e \u00e0 noite, das 19h \u00e0s 21h30. As aulas s\u00e3o conduzidas por professores especializados do Senac-MG, com conte\u00fados te\u00f3ricos, atividades pr\u00e1ticas e din\u00e2micas voltadas para quem atua ou pretende atuar em contato direto com o p\u00fablico.<\/p>\n\n\n\n<p class=\"wp-block-paragraph\">Podem participar jovens de 18 a 30 anos que tenham o ensino fundamental completo, possuam CPF e disponibilidade para acompanhar os encontros presenciais. <\/p>\n\n\n\n<p class=\"wp-block-paragraph\">Tamb\u00e9m \u00e9 exigido n\u00e3o ter v\u00ednculo empregat\u00edcio formal durante o per\u00edodo do curso, j\u00e1 que a proposta \u00e9 justamente abrir portas para quem ainda est\u00e1 buscando a primeira oportunidade ou uma recoloca\u00e7\u00e3o no mercado.<\/p>\n\n\n\n<h2 class=\"wp-block-heading\">Como funciona a inscri\u00e7\u00e3o<\/h2>\n\n\n\n<p class=\"wp-block-paragraph\">As inscri\u00e7\u00f5es ficam abertas at\u00e9 8 de setembro e devem ser feitas por meio de formul\u00e1rio dispon\u00edvel no site do Shopping Esta\u00e7\u00e3o BH. Preencher o formul\u00e1rio, por\u00e9m, n\u00e3o garante vaga autom\u00e1tica: depois do fim das inscri\u00e7\u00f5es, os candidatos passam por uma triagem para valida\u00e7\u00e3o dos requisitos exigidos. <\/p>\n\n\n\n<p class=\"wp-block-paragraph\">O resultado da sele\u00e7\u00e3o, junto com as informa\u00e7\u00f5es sobre a turma, \u00e9 enviado por WhatsApp at\u00e9 11 de setembro.<\/p>\n\n\n\n<p class=\"wp-block-paragraph\">A proposta do programa \u00e9 abrir caminhos profissionais, j\u00e1 que o conhecimento tamb\u00e9m representa uma oportunidade de recome\u00e7o para muita gente.<\/p>\n\n\n\n<h2 class=\"wp-block-heading\">Uma parceria voltada \u00e0 comunidade do entorno<\/h2>\n\n\n\n<p class=\"wp-block-paragraph\">A iniciativa refor\u00e7a o compromisso do shopping com a comunidade da regi\u00e3o, aproximando forma\u00e7\u00e3o profissional e novas oportunidades de quem est\u00e1 come\u00e7ando ou buscando uma mudan\u00e7a de rumo na carreira. <\/p>\n\n\n\n<p class=\"wp-block-paragraph\">O Senac-MG \u00e9 uma das principais institui\u00e7\u00f5es de ensino t\u00e9cnico e profissionalizante do estado, com atua\u00e7\u00e3o voltada a \u00e1reas como com\u00e9rcio, servi\u00e7os e turismo, e costuma firmar parcerias com empresas e espa\u00e7os privados para ampliar o acesso a cursos de curta dura\u00e7\u00e3o em diferentes regi\u00f5es de Minas Gerais.<\/p>\n","protected":false},"excerpt":{"rendered":"<p>Jovens de Belo Horizonte t\u00eam uma nova chance de qualifica\u00e7\u00e3o profissional com o curso gratuito do Senac-MG oferecido pelo Shopping Esta\u00e7\u00e3o BH. A iniciativa integra o programa EBH Educa e traz a forma\u00e7\u00e3o &#8220;Qualidade no Atendimento ao Cliente&#8221;, voltada a pessoas de 18 a 30 anos que querem desenvolver novas habilidades para o mercado de [&hellip;]<\/p>\n","protected":false},"author":5,"featured_media":8396,"comment_status":"closed","ping_status":"open","sticky":false,"template":"","format":"standard","meta":{"_acf_changed":false,"footnotes":""},"categories":[1],"tags":[],"class_list":["post-8393","post","type-post","status-publish","format-standard","has-post-thumbnail","hentry","category-geral"],"acf":{"subtitulo":"","oculta_home":false,"leitura_rapida":""},"_links":{"self":[{"href":"https:\/\/diariodocomercio.com.br\/geral\/wp-json\/wp\/v2\/posts\/8393","targetHints":{"allow":["GET"]}}],"collection":[{"href":"https:\/\/diariodocomercio.com.br\/geral\/wp-json\/wp\/v2\/posts"}],"about":[{"href":"https:\/\/diariodocomercio.com.br\/geral\/wp-json\/wp\/v2\/types\/post"}],"author":[{"embeddable":true,"href":"https:\/\/diariodocomercio.com.br\/geral\/wp-json\/wp\/v2\/users\/5"}],"replies":[{"embeddable":true,"href":"https:\/\/diariodocomercio.com.br\/geral\/wp-json\/wp\/v2\/comments?post=8393"}],"version-history":[{"count":3,"href":"https:\/\/diariodocomercio.com.br\/geral\/wp-json\/wp\/v2\/posts\/8393\/revisions"}],"predecessor-version":[{"id":8397,"href":"https:\/\/diariodocomercio.com.br\/geral\/wp-json\/wp\/v2\/posts\/8393\/revisions\/8397"}],"wp:featuredmedia":[{"embeddable":true,"href":"https:\/\/diariodocomercio.com.br\/geral\/wp-json\/wp\/v2\/media\/8396"}],"wp:attachment":[{"href":"https:\/\/diariodocomercio.com.br\/geral\/wp-json\/wp\/v2\/media?parent=8393"}],"wp:term":[{"taxonomy":"category","embeddable":true,"href":"https:\/\/diariodocomercio.com.br\/geral\/wp-json\/wp\/v2\/categories?post=8393"},{"taxonomy":"post_tag","embeddable":true,"href":"https:\/\/diariodocomercio.com.br\/geral\/wp-json\/wp\/v2\/tags?post=8393"}],"curies":[{"name":"wp","href":"https:\/\/api.w.org\/{rel}","templated":true}]}}