{"id":8398,"date":"2026-09-03T13:00:00","date_gmt":"2026-09-03T16:00:00","guid":{"rendered":"https:\/\/diariodocomercio.com.br\/geral\/?p=8398"},"modified":"2026-09-03T12:54:03","modified_gmt":"2026-09-03T15:54:03","slug":"rede-minas-300-vagas-formacao-profissional-mg","status":"publish","type":"post","link":"https:\/\/diariodocomercio.com.br\/geral\/rede-minas-300-vagas-formacao-profissional-mg\/","title":{"rendered":"MG est\u00e1 com 300 vagas gratuitas abertas para forma\u00e7\u00e3o profissional de mulheres"},"content":{"rendered":"\n<p class=\"wp-block-paragraph\">O projeto Redes Minas, iniciativa do Movimento Bem Maior, est\u00e1 com 300 vagas gratuitas abertas em cursos de qualifica\u00e7\u00e3o profissional voltados a mulheres em Minas Gerais. As forma\u00e7\u00f5es s\u00e3o organizadas pela Central \u00danica das Favelas de Minas Gerais (CUFA Minas), pelo Instituto O Grito e pela Marianas Mulheres Que Inspiram, em parceria com o Instituto Localiza e o Instituto MRV&amp;CO. As inscri\u00e7\u00f5es s\u00e3o online e v\u00e3o at\u00e9 4 de setembro.&nbsp;<\/p>\n\n\n\n<p class=\"wp-block-paragraph\">O foco do projeto \u00e9 a emancipa\u00e7\u00e3o socioecon\u00f4mica das participantes, com est\u00edmulo \u00e0 gera\u00e7\u00e3o de renda pr\u00f3pria ou \u00e0 cria\u00e7\u00e3o de uma segunda fonte de receita. Os cursos acontecer\u00e3o entre outubro e novembro de 2026.<\/p>\n\n\n\n<h2 class=\"wp-block-heading\"><strong>Vagas dispon\u00edveis do Rede Minas por cidade e \u00e1rea<\/strong><\/h2>\n\n\n\n<p class=\"wp-block-paragraph\">Belo Horizonte e Itabirito concentram a maior oferta de vagas, pelo CUFA Minas. As vagas est\u00e3o distribu\u00eddas da seguinte forma:&nbsp;<\/p>\n\n\n\n<ul class=\"wp-block-list\">\n<li>Gest\u00e3o: 80 vagas<\/li>\n\n\n\n<li>Letramento Digital: 80 vagas<\/li>\n\n\n\n<li>Gastronomia: 50 vagas<\/li>\n\n\n\n<li>Beleza: 30 vagas<\/li>\n<\/ul>\n\n\n\n<p class=\"wp-block-paragraph\">J\u00e1 em Ribeir\u00e3o das Neves, o <strong><\/strong>Instituto O Grito est\u00e1 com 160 vagas distribu\u00eddas nos eixos de Moda e Vestu\u00e1rio, Letramento Digital, Gastronomia e Beleza, com cursos como Bolsa na Tela, Bordado Criativo, Confeiteira, Salgadeira, Tran\u00e7as, Manicure e Maquiagem.<\/p>\n\n\n\n<h2 class=\"wp-block-heading\"><strong>Como se inscrever<\/strong><\/h2>\n\n\n\n<p class=\"wp-block-paragraph\">As inscri\u00e7\u00f5es v\u00e3o at\u00e9 4 de setembro e s\u00e3o feitas de forma online por formul\u00e1rio espec\u00edfico conforme a cidade:<\/p>\n\n\n\n<ul class=\"wp-block-list\">\n<li><strong>BH e Itabirito:<\/strong> <a href=\"https:\/\/docs.google.com\/forms\/d\/e\/1FAIpQLSe0m4lyZAdTsrpS0zpuUJqFaIYsv0F2_bf3U9t58En9ibWBOQ\/viewform\" target=\"_blank\" rel=\"noopener\">formul\u00e1rio<\/a> da CUFA Minas<\/li>\n\n\n\n<li><strong>Ribeir\u00e3o das Neves:<\/strong> <a href=\"https:\/\/forms.cloud.microsoft\/pages\/responsepage.aspx?id=zOp7_tMXXEir_TaUp8ySPV6ELYHdH8BKmKuhP3uRfgxUQUNYR0FLWTdHQ1JVUFowQkdHM1k3NjJNQi4u&amp;route=shorturl\" target=\"_blank\" rel=\"noopener\">formul\u00e1rio<\/a> do Instituto O Grito<\/li>\n<\/ul>\n\n\n\n<p class=\"wp-block-paragraph\">O Redes Minas integra a estrat\u00e9gia de coaliz\u00f5es do Movimento Bem Maior, que mant\u00e9m projetos semelhantes na Bahia e no Cear\u00e1. A coaliz\u00e3o tem dura\u00e7\u00e3o inicial de dois anos e meta de mobilizar R$ 5 milh\u00f5es.&nbsp;<\/p>\n\n\n\n<p class=\"wp-block-paragraph\">Em 2026, o objetivo \u00e9 capacitar 300 mulheres, com expectativa de ampliar o alcance para at\u00e9 mil participantes entre 2027 e 2028.<\/p>\n\n\n\n<p class=\"wp-block-paragraph\"><\/p>\n","protected":false},"excerpt":{"rendered":"<p>O projeto Redes Minas, iniciativa do Movimento Bem Maior, est\u00e1 com 300 vagas gratuitas abertas em cursos de qualifica\u00e7\u00e3o profissional voltados a mulheres em Minas Gerais. As forma\u00e7\u00f5es s\u00e3o organizadas pela Central \u00danica das Favelas de Minas Gerais (CUFA Minas), pelo Instituto O Grito e pela Marianas Mulheres Que Inspiram, em parceria com o Instituto [&hellip;]<\/p>\n","protected":false},"author":3,"featured_media":8399,"comment_status":"closed","ping_status":"open","sticky":false,"template":"","format":"standard","meta":{"_acf_changed":false,"footnotes":""},"categories":[9,13],"tags":[],"class_list":["post-8398","post","type-post","status-publish","format-standard","has-post-thumbnail","hentry","category-economia","category-regional"],"acf":{"subtitulo":"Projeto Redes Minas oferece cursos em Gest\u00e3o, Gastronomia, Beleza e Letramento Digital em BH, Itabirito e Ribeir\u00e3o das Neves; inscri\u00e7\u00f5es v\u00e3o at\u00e9 4 de setembro","oculta_home":false,"leitura_rapida":""},"_links":{"self":[{"href":"https:\/\/diariodocomercio.com.br\/geral\/wp-json\/wp\/v2\/posts\/8398","targetHints":{"allow":["GET"]}}],"collection":[{"href":"https:\/\/diariodocomercio.com.br\/geral\/wp-json\/wp\/v2\/posts"}],"about":[{"href":"https:\/\/diariodocomercio.com.br\/geral\/wp-json\/wp\/v2\/types\/post"}],"author":[{"embeddable":true,"href":"https:\/\/diariodocomercio.com.br\/geral\/wp-json\/wp\/v2\/users\/3"}],"replies":[{"embeddable":true,"href":"https:\/\/diariodocomercio.com.br\/geral\/wp-json\/wp\/v2\/comments?post=8398"}],"version-history":[{"count":1,"href":"https:\/\/diariodocomercio.com.br\/geral\/wp-json\/wp\/v2\/posts\/8398\/revisions"}],"predecessor-version":[{"id":8400,"href":"https:\/\/diariodocomercio.com.br\/geral\/wp-json\/wp\/v2\/posts\/8398\/revisions\/8400"}],"wp:featuredmedia":[{"embeddable":true,"href":"https:\/\/diariodocomercio.com.br\/geral\/wp-json\/wp\/v2\/media\/8399"}],"wp:attachment":[{"href":"https:\/\/diariodocomercio.com.br\/geral\/wp-json\/wp\/v2\/media?parent=8398"}],"wp:term":[{"taxonomy":"category","embeddable":true,"href":"https:\/\/diariodocomercio.com.br\/geral\/wp-json\/wp\/v2\/categories?post=8398"},{"taxonomy":"post_tag","embeddable":true,"href":"https:\/\/diariodocomercio.com.br\/geral\/wp-json\/wp\/v2\/tags?post=8398"}],"curies":[{"name":"wp","href":"https:\/\/api.w.org\/{rel}","templated":true}]}}