{"id":8417,"date":"2026-09-03T14:38:57","date_gmt":"2026-09-03T17:38:57","guid":{"rendered":"https:\/\/diariodocomercio.com.br\/geral\/?p=8417"},"modified":"2026-09-03T14:38:58","modified_gmt":"2026-09-03T17:38:58","slug":"bh-4-novos-parques-multissensoriais","status":"publish","type":"post","link":"https:\/\/diariodocomercio.com.br\/geral\/bh-4-novos-parques-multissensoriais\/","title":{"rendered":"BH pode ganhar 4 novos parques multissensoriais para crian\u00e7as com autismo; veja locais"},"content":{"rendered":"\n<p class=\"wp-block-paragraph\">Quatro parques multissensoriais para crian\u00e7as com TEA (Transtorno do Espectro Autista) podem chegar a Belo Horizonte. O projeto \u00e9 da Funda\u00e7\u00e3o de Parques Municipais e Zoobot\u00e2nica, que busca uma empresa para fornecer e montar as estruturas nas regi\u00f5es Centro-Sul, Barreiro, Oeste e Pampulha.<\/p>\n\n\n\n<p class=\"wp-block-paragraph\">A licita\u00e7\u00e3o, antes prevista para 18 de agosto, foi reagendada para a pr\u00f3xima ter\u00e7a-feira (8), conforme publica\u00e7\u00e3o no <a href=\"https:\/\/dom-web.pbh.gov.br\/\" target=\"_blank\" rel=\"noopener\">Di\u00e1rio Oficial do Munic\u00edpio<\/a> nesta quinta-feira (3). A disputa \u00e9 eletr\u00f4nica, com edital dispon\u00edvel na plataforma federal de licita\u00e7\u00f5es e no site da prefeitura.<\/p>\n\n\n\n<p class=\"wp-block-paragraph\">Os locais definidos s\u00e3o o Parque Aggeo Pio Sobrinho, no Buritis; o Parque Ecol\u00f3gico da Pampulha; o Parque Ecol\u00f3gico Roberto Burle Marx, no Fl\u00e1vio Marques Lisboa; e o Parque Municipal Juscelino Kubitschek, no Sion.<\/p>\n\n\n\n<h2 class=\"wp-block-heading\"><strong>O que incluem os parques multissensoriais<\/strong><\/h2>\n\n\n\n<p class=\"wp-block-paragraph\">Cada espa\u00e7o ter\u00e1 base de concreto, piso emborrachado e recursos de comunica\u00e7\u00e3o acess\u00edvel.<\/p>\n\n\n\n<p class=\"wp-block-paragraph\">Totens com QR Codes v\u00e3o direcionar os visitantes a v\u00eddeos com tradu\u00e7\u00e3o para Libras, narra\u00e7\u00e3o descritiva e legenda. O contrato inclui ainda capacita\u00e7\u00e3o das equipes dos parques e documenta\u00e7\u00e3o t\u00e9cnica.<\/p>\n\n\n\n<h2 class=\"wp-block-heading\"><strong>O parque que inspirou o projeto<\/strong><\/h2>\n\n\n\n<p class=\"wp-block-paragraph\">O projeto leva como base o Parque Girassol, aberto no ano passado no Parque Municipal Am\u00e9rico Renn\u00e9 Giannetti, no Centro de BH. O espa\u00e7o, projetado pela Ativa Inclus\u00e3o com 150 m\u00b2, conta com percursos de equil\u00edbrio, estruturas de movimenta\u00e7\u00e3o, pain\u00e9is sensoriais e pontos de estimula\u00e7\u00e3o t\u00e1til.<\/p>\n\n\n\n<figure class=\"wp-block-gallery has-nested-images columns-default is-cropped wp-block-gallery-1 is-layout-flex wp-block-gallery-is-layout-flex\">\n<figure class=\"wp-block-image size-large\"><img loading=\"lazy\" decoding=\"async\" width=\"1024\" height=\"682\" data-id=\"8424\" src=\"https:\/\/diariodocomercio.com.br\/geral\/wp-content\/uploads\/2026\/09\/PARQUE-GIRASSOL-__-Credito_-Varanda-Criativa-4-1-1024x682.jpg\" alt=\"\" class=\"wp-image-8424\" srcset=\"https:\/\/diariodocomercio.com.br\/geral\/wp-content\/uploads\/2026\/09\/PARQUE-GIRASSOL-__-Credito_-Varanda-Criativa-4-1-1024x682.jpg 1024w, https:\/\/diariodocomercio.com.br\/geral\/wp-content\/uploads\/2026\/09\/PARQUE-GIRASSOL-__-Credito_-Varanda-Criativa-4-1-300x200.jpg 300w, https:\/\/diariodocomercio.com.br\/geral\/wp-content\/uploads\/2026\/09\/PARQUE-GIRASSOL-__-Credito_-Varanda-Criativa-4-1-768x511.jpg 768w, https:\/\/diariodocomercio.com.br\/geral\/wp-content\/uploads\/2026\/09\/PARQUE-GIRASSOL-__-Credito_-Varanda-Criativa-4-1.jpg 1500w\" sizes=\"auto, (max-width: 1024px) 100vw, 1024px\" \/><figcaption class=\"wp-element-caption\">Estruturas do Parque Girassol, no Centro de BH | Foto: Varanda Criativa\/Divulga\u00e7\u00e3o<\/figcaption><\/figure>\n<\/figure>\n\n\n\n<p class=\"wp-block-paragraph\">O custo do piloto ficou em torno de R$ 500 mil, com participa\u00e7\u00e3o da Prefeitura de BH e da Funda\u00e7\u00e3o de Parques. Ap\u00f3s a inaugura\u00e7\u00e3o, a gest\u00e3o passou ao munic\u00edpio. A Ativa Inclus\u00e3o ficou respons\u00e1vel pelos equipamentos durante o primeiro ano de funcionamento.<\/p>\n\n\n\n<p class=\"wp-block-paragraph\">As estruturas t\u00eam como foco principal crian\u00e7as com TEA, mas atendem tamb\u00e9m pessoas com defici\u00eancia visual, motora, auditiva ou cognitiva. A proposta \u00e9 oferecer, sem custo e em parques p\u00fablicos, um tipo de estimula\u00e7\u00e3o sensorial que historicamente ficava restrito a ambientes cl\u00ednicos pagos.<\/p>\n","protected":false},"excerpt":{"rendered":"<p>Quatro parques multissensoriais para crian\u00e7as com TEA (Transtorno do Espectro Autista) podem chegar a Belo Horizonte. O projeto \u00e9 da Funda\u00e7\u00e3o de Parques Municipais e Zoobot\u00e2nica, que busca uma empresa para fornecer e montar as estruturas nas regi\u00f5es Centro-Sul, Barreiro, Oeste e Pampulha. A licita\u00e7\u00e3o, antes prevista para 18 de agosto, foi reagendada para a [&hellip;]<\/p>\n","protected":false},"author":4,"featured_media":8419,"comment_status":"closed","ping_status":"open","sticky":false,"template":"","format":"standard","meta":{"_acf_changed":false,"footnotes":""},"categories":[11],"tags":[],"class_list":["post-8417","post","type-post","status-publish","format-standard","has-post-thumbnail","hentry","category-cidades"],"acf":{"subtitulo":"Licita\u00e7\u00e3o marcada para ter\u00e7a (8) vai definir a empresa respons\u00e1vel pelas estruturas no Buritis, Pampulha, Sion e Fl\u00e1vio Marques Lisboa","oculta_home":false,"leitura_rapida":""},"_links":{"self":[{"href":"https:\/\/diariodocomercio.com.br\/geral\/wp-json\/wp\/v2\/posts\/8417","targetHints":{"allow":["GET"]}}],"collection":[{"href":"https:\/\/diariodocomercio.com.br\/geral\/wp-json\/wp\/v2\/posts"}],"about":[{"href":"https:\/\/diariodocomercio.com.br\/geral\/wp-json\/wp\/v2\/types\/post"}],"author":[{"embeddable":true,"href":"https:\/\/diariodocomercio.com.br\/geral\/wp-json\/wp\/v2\/users\/4"}],"replies":[{"embeddable":true,"href":"https:\/\/diariodocomercio.com.br\/geral\/wp-json\/wp\/v2\/comments?post=8417"}],"version-history":[{"count":5,"href":"https:\/\/diariodocomercio.com.br\/geral\/wp-json\/wp\/v2\/posts\/8417\/revisions"}],"predecessor-version":[{"id":8425,"href":"https:\/\/diariodocomercio.com.br\/geral\/wp-json\/wp\/v2\/posts\/8417\/revisions\/8425"}],"wp:featuredmedia":[{"embeddable":true,"href":"https:\/\/diariodocomercio.com.br\/geral\/wp-json\/wp\/v2\/media\/8419"}],"wp:attachment":[{"href":"https:\/\/diariodocomercio.com.br\/geral\/wp-json\/wp\/v2\/media?parent=8417"}],"wp:term":[{"taxonomy":"category","embeddable":true,"href":"https:\/\/diariodocomercio.com.br\/geral\/wp-json\/wp\/v2\/categories?post=8417"},{"taxonomy":"post_tag","embeddable":true,"href":"https:\/\/diariodocomercio.com.br\/geral\/wp-json\/wp\/v2\/tags?post=8417"}],"curies":[{"name":"wp","href":"https:\/\/api.w.org\/{rel}","templated":true}]}}