{"id":8420,"date":"2026-09-03T15:15:00","date_gmt":"2026-09-03T18:15:00","guid":{"rendered":"https:\/\/diariodocomercio.com.br\/geral\/?p=8420"},"modified":"2026-09-03T14:40:44","modified_gmt":"2026-09-03T17:40:44","slug":"ifmg-concurso-professores-salario-14-9-mil","status":"publish","type":"post","link":"https:\/\/diariodocomercio.com.br\/geral\/ifmg-concurso-professores-salario-14-9-mil\/","title":{"rendered":"IFMG abre sele\u00e7\u00e3o para professores com sal\u00e1rio de at\u00e9 R$ 14,9 mil"},"content":{"rendered":"\n<p class=\"wp-block-paragraph\">O Instituto Federal de Educa\u00e7\u00e3o, Ci\u00eancia e Tecnologia de Minas Gerais (IFMG) abriu concurso p\u00fablico para a contrata\u00e7\u00e3o de professores do Ensino B\u00e1sico, T\u00e9cnico e Tecnol\u00f3gico (EBTT). Ao todo, s\u00e3o quatro vagas distribu\u00eddas entre os campi de Congonhas, Ribeir\u00e3o das Neves e Arcos, contemplando as \u00e1reas de Letras e Direito.&nbsp;<\/p>\n\n\n\n<p class=\"wp-block-paragraph\">Os profissionais aprovados ter\u00e3o jornada de 40 horas semanais em regime de dedica\u00e7\u00e3o exclusiva, com remunera\u00e7\u00e3o que pode chegar a R$ 14.945,96 para candidatos com doutorado, j\u00e1 considerando o aux\u00edlio-alimenta\u00e7\u00e3o.<\/p>\n\n\n\n<h2 class=\"wp-block-heading\"><strong>Vagas dispon\u00edveis e sal\u00e1rios no IFMG<\/strong><\/h2>\n\n\n\n<p class=\"wp-block-paragraph\">Das quatro oportunidades abertas pelo IFMG, uma \u00e9 destinada \u00e0 \u00e1rea de Letras, enquanto as outras tr\u00eas s\u00e3o voltadas para profissionais do Direito.<\/p>\n\n\n\n<p class=\"wp-block-paragraph\">A vaga de Letras \u00e9 para atua\u00e7\u00e3o nas \u00e1reas de L\u00edngua Portuguesa, reda\u00e7\u00e3o, literatura e Libras. Para concorrer, \u00e9 necess\u00e1rio possuir licenciatura em Letras (Portugu\u00eas\/Libras) ou forma\u00e7\u00e3o em Letras acompanhada de certifica\u00e7\u00e3o de profici\u00eancia em Libras.<\/p>\n\n\n\n<p class=\"wp-block-paragraph\">J\u00e1 as vagas de Direito est\u00e3o distribu\u00eddas entre os campi de Ribeir\u00e3o das Neves e Arcos. Os conte\u00fados previstos para os profissionais incluem diferentes ramos e fundamentos jur\u00eddicos, entre eles: Direito Geral, Direito Empresarial, Direito Civil, Direito do Trabalho, entre outros.&nbsp;<\/p>\n\n\n\n<p class=\"wp-block-paragraph\">A remunera\u00e7\u00e3o varia conforme a titula\u00e7\u00e3o do candidato aprovado. Para uma jornada de 40 horas semanais com dedica\u00e7\u00e3o exclusiva, os valores incluem o aux\u00edlio-alimenta\u00e7\u00e3o de R$ 1.192.<\/p>\n\n\n\n<p class=\"wp-block-paragraph\">A remunera\u00e7\u00e3o total prevista \u00e9 de R$ 7.589,19 para profissionais com gradua\u00e7\u00e3o e R$ 14.945,96 para profissionais com doutorado.<\/p>\n\n\n\n<p class=\"wp-block-paragraph\"><strong>Inscri\u00e7\u00f5es come\u00e7am neste m\u00eas<\/strong><\/p>\n\n\n\n<p class=\"wp-block-paragraph\">As inscri\u00e7\u00f5es para o concurso do IFMG ser\u00e3o abertas \u00e0s 9h do dia 9 de setembro e poder\u00e3o ser feitas at\u00e9 as 18h de 29 de setembro. O procedimento ser\u00e1 realizado exclusivamente pela <a href=\"http:\/\/portal.concursos.ifmg.edu.br\" target=\"_blank\" rel=\"noopener\">p\u00e1gina de concursos do instituto<\/a>.<\/p>\n\n\n\n<p class=\"wp-block-paragraph\">A taxa de inscri\u00e7\u00e3o \u00e9 de R$ 250. Candidatos que sejam doadores de medula \u00f3ssea e pessoas que comprovem baixa renda poder\u00e3o solicitar a isen\u00e7\u00e3o do pagamento.<\/p>\n\n\n\n<p class=\"wp-block-paragraph\">O pedido de isen\u00e7\u00e3o dever\u00e1 ser feito entre 9 e 10 de setembro. A possibilidade tamb\u00e9m contempla candidatos de baixa renda que estejam ou n\u00e3o inscritos no Cadastro \u00danico (Cad\u00danico), desde que atendam aos crit\u00e9rios previstos no edital.<\/p>\n\n\n\n<p class=\"wp-block-paragraph\">O processo seletivo contempla prova objetiva, prova dissertativa, prova de desempenho did\u00e1tico e avalia\u00e7\u00e3o de t\u00edtulos. As provas objetiva e dissertativa est\u00e3o previstas para 25 de outubro, enquanto a etapa de desempenho did\u00e1tico dever\u00e1 ser realizada entre 11 e 15 de janeiro.<\/p>\n\n\n\n<p class=\"wp-block-paragraph\">O IFMG ainda divulgar\u00e1 os locais e hor\u00e1rios de realiza\u00e7\u00e3o das avalia\u00e7\u00f5es por meio do portal oficial do concurso.<\/p>\n","protected":false},"excerpt":{"rendered":"<p>O Instituto Federal de Educa\u00e7\u00e3o, Ci\u00eancia e Tecnologia de Minas Gerais (IFMG) abriu concurso p\u00fablico para a contrata\u00e7\u00e3o de professores do Ensino B\u00e1sico, T\u00e9cnico e Tecnol\u00f3gico (EBTT). Ao todo, s\u00e3o quatro vagas distribu\u00eddas entre os campi de Congonhas, Ribeir\u00e3o das Neves e Arcos, contemplando as \u00e1reas de Letras e Direito.&nbsp; Os profissionais aprovados ter\u00e3o jornada [&hellip;]<\/p>\n","protected":false},"author":3,"featured_media":8426,"comment_status":"closed","ping_status":"open","sticky":false,"template":"","format":"standard","meta":{"_acf_changed":false,"footnotes":""},"categories":[1],"tags":[],"class_list":["post-8420","post","type-post","status-publish","format-standard","has-post-thumbnail","hentry","category-geral"],"acf":{"subtitulo":"Instituto Federal oferece quatro vagas para docentes em tr\u00eas campi de Minas Gerais; inscri\u00e7\u00f5es come\u00e7am em 9 de setembro e custam R$ 250","oculta_home":false,"leitura_rapida":""},"_links":{"self":[{"href":"https:\/\/diariodocomercio.com.br\/geral\/wp-json\/wp\/v2\/posts\/8420","targetHints":{"allow":["GET"]}}],"collection":[{"href":"https:\/\/diariodocomercio.com.br\/geral\/wp-json\/wp\/v2\/posts"}],"about":[{"href":"https:\/\/diariodocomercio.com.br\/geral\/wp-json\/wp\/v2\/types\/post"}],"author":[{"embeddable":true,"href":"https:\/\/diariodocomercio.com.br\/geral\/wp-json\/wp\/v2\/users\/3"}],"replies":[{"embeddable":true,"href":"https:\/\/diariodocomercio.com.br\/geral\/wp-json\/wp\/v2\/comments?post=8420"}],"version-history":[{"count":1,"href":"https:\/\/diariodocomercio.com.br\/geral\/wp-json\/wp\/v2\/posts\/8420\/revisions"}],"predecessor-version":[{"id":8427,"href":"https:\/\/diariodocomercio.com.br\/geral\/wp-json\/wp\/v2\/posts\/8420\/revisions\/8427"}],"wp:featuredmedia":[{"embeddable":true,"href":"https:\/\/diariodocomercio.com.br\/geral\/wp-json\/wp\/v2\/media\/8426"}],"wp:attachment":[{"href":"https:\/\/diariodocomercio.com.br\/geral\/wp-json\/wp\/v2\/media?parent=8420"}],"wp:term":[{"taxonomy":"category","embeddable":true,"href":"https:\/\/diariodocomercio.com.br\/geral\/wp-json\/wp\/v2\/categories?post=8420"},{"taxonomy":"post_tag","embeddable":true,"href":"https:\/\/diariodocomercio.com.br\/geral\/wp-json\/wp\/v2\/tags?post=8420"}],"curies":[{"name":"wp","href":"https:\/\/api.w.org\/{rel}","templated":true}]}}