{"id":8428,"date":"2026-09-03T15:30:00","date_gmt":"2026-09-03T18:30:00","guid":{"rendered":"https:\/\/diariodocomercio.com.br\/geral\/?p=8428"},"modified":"2026-09-03T15:24:15","modified_gmt":"2026-09-03T18:24:15","slug":"operacao-contramao-mpmg-golpe-ipva","status":"publish","type":"post","link":"https:\/\/diariodocomercio.com.br\/geral\/operacao-contramao-mpmg-golpe-ipva\/","title":{"rendered":"Golpe do IPVA: MPMG desarticula quadrilha que desviou R$ 1,7 milh\u00e3o de contribuintes mineiros"},"content":{"rendered":"\n<p class=\"wp-block-paragraph\">O <a href=\"https:\/\/www.mpmg.mp.br\/portal\/\" target=\"_blank\" rel=\"noopener\">Minist\u00e9rio P\u00fablico de Minas Gerais<\/a> deflagrou na manh\u00e3 desta quinta-feira (3) a Opera\u00e7\u00e3o Contram\u00e3o contra uma organiza\u00e7\u00e3o criminosa especializada em fraudes no pagamento do IPVA. O grupo usava sites falsos que reproduziam a identidade visual do portal oficial do Governo de Minas para desviar os pagamentos dos contribuintes via Pix para contas banc\u00e1rias controladas pelos suspeitos. A investiga\u00e7\u00e3o apura o desvio de R$ 1,7 milh\u00e3o.<\/p>\n\n\n\n<p class=\"wp-block-paragraph\">A a\u00e7\u00e3o foi coordenada pelo Grupo de Atua\u00e7\u00e3o Especial de Combate aos Crimes Cibern\u00e9ticos (Gaeciber) e pela 11\u00aa Promotoria de Justi\u00e7a com atribui\u00e7\u00f5es no Combate ao Crime Organizado de BH. <\/p>\n\n\n\n<p class=\"wp-block-paragraph\">Foram cumpridos 14 mandados de pris\u00e3o preventiva e 10 mandados de busca e apreens\u00e3o em munic\u00edpios de Goi\u00e1s, Maranh\u00e3o e S\u00e3o Paulo. A opera\u00e7\u00e3o resultou na pris\u00e3o de 10 investigados.<\/p>\n\n\n\n<h2 class=\"wp-block-heading\"><strong>Como o golpe funcionava<\/strong><\/h2>\n\n\n\n<p class=\"wp-block-paragraph\">Os sites falsos utilizados na fraude reproduziam a identidade visual e o fluxo de pagamento do canal leg\u00edtimo do governo e usavam dom\u00ednios com termos como &#8220;gov&#8221;, &#8220;detran&#8221; e &#8220;minasgerais&#8221; para enganar os contribuintes.&nbsp;<\/p>\n\n\n\n<p class=\"wp-block-paragraph\">Ao gerar o QR Code no site falso, a v\u00edtima transferia o valor do IPVA via Pix para empresas de fachada com nomes que simulavam arrecada\u00e7\u00e3o estatal, como &#8220;pagamentos de taxas&#8221;, &#8220;gest\u00e3o de tarifas&#8221; e &#8220;administrativo veicular&#8221;.<\/p>\n\n\n\n<p class=\"wp-block-paragraph\">As empresas eram abertas \u00e0s v\u00e9speras do vencimento das parcelas e muitas delas funcionavam por menos de cinco meses antes de serem encerradas. Os recursos eram ent\u00e3o fracionados entre contas pessoais em Goi\u00e1s, Maranh\u00e3o, S\u00e3o Paulo e no entorno do Distrito Federal. H\u00e1 ind\u00edcios de que o esquema est\u00e1 em opera\u00e7\u00e3o desde 2024, repetindo o ciclo a cada vencimento do imposto.<\/p>\n\n\n\n<h2 class=\"wp-block-heading\"><strong>O que foi apreendido na Opera\u00e7\u00e3o Contram\u00e3o<\/strong><\/h2>\n\n\n\n<p class=\"wp-block-paragraph\">Al\u00e9m das 10 pris\u00f5es, a Opera\u00e7\u00e3o Contram\u00e3o resultou na apreens\u00e3o de aparelhos de telefonia celular, notebooks, pendrives, cart\u00f5es banc\u00e1rios, 11 papelotes de coca\u00edna e um simulacro de arma de fogo.&nbsp;<\/p>\n\n\n\n<p class=\"wp-block-paragraph\">O material ser\u00e1 analisado e as buscas pelos investigados foragidos continuam. O processo tramita sob sigilo.<\/p>\n\n\n\n<h2 class=\"wp-block-heading\"><strong>Como se proteger do golpe do IPVA<\/strong><\/h2>\n\n\n\n<p class=\"wp-block-paragraph\">O MPMG orienta os contribuintes a adotarem os seguintes cuidados:<\/p>\n\n\n\n<ul class=\"wp-block-list\">\n<li>Pague o IPVA exclusivamente pelos canais oficiais da Secretaria de Estado de Fazenda (SEF\/MG) e pela rede banc\u00e1ria conveniada;<\/li>\n\n\n\n<li>Desconfie de sites acessados por links patrocinados em buscadores ou enviados por WhatsApp, SMS e redes sociais;<\/li>\n\n\n\n<li>Antes de pagar, confirme o benefici\u00e1rio do Pix: tributo estadual n\u00e3o tem como destinat\u00e1rio empresa privada de &#8220;gest\u00e3o&#8221; ou &#8220;pagamento de taxas&#8221;;<\/li>\n\n\n\n<li>Verifique o endere\u00e7o do site: dom\u00ednios comerciais que misturam nomes de \u00f3rg\u00e3os p\u00fablicos s\u00e3o forte indicativo de fraude;<\/li>\n\n\n\n<li>Quem j\u00e1 pagou indevidamente deve registrar boletim de ocorr\u00eancia, comunicar o banco imediatamente e acionar os canais de atendimento da SEF\/MG.<\/li>\n<\/ul>\n","protected":false},"excerpt":{"rendered":"<p>O Minist\u00e9rio P\u00fablico de Minas Gerais deflagrou na manh\u00e3 desta quinta-feira (3) a Opera\u00e7\u00e3o Contram\u00e3o contra uma organiza\u00e7\u00e3o criminosa especializada em fraudes no pagamento do IPVA. O grupo usava sites falsos que reproduziam a identidade visual do portal oficial do Governo de Minas para desviar os pagamentos dos contribuintes via Pix para contas banc\u00e1rias controladas [&hellip;]<\/p>\n","protected":false},"author":3,"featured_media":8431,"comment_status":"closed","ping_status":"open","sticky":false,"template":"","format":"standard","meta":{"_acf_changed":false,"footnotes":""},"categories":[9,1],"tags":[],"class_list":["post-8428","post","type-post","status-publish","format-standard","has-post-thumbnail","hentry","category-economia","category-geral"],"acf":{"subtitulo":"Opera\u00e7\u00e3o Contram\u00e3o prendeu 10 investigados e cumpriu 14 mandados de pris\u00e3o preventiva","oculta_home":false,"leitura_rapida":""},"_links":{"self":[{"href":"https:\/\/diariodocomercio.com.br\/geral\/wp-json\/wp\/v2\/posts\/8428","targetHints":{"allow":["GET"]}}],"collection":[{"href":"https:\/\/diariodocomercio.com.br\/geral\/wp-json\/wp\/v2\/posts"}],"about":[{"href":"https:\/\/diariodocomercio.com.br\/geral\/wp-json\/wp\/v2\/types\/post"}],"author":[{"embeddable":true,"href":"https:\/\/diariodocomercio.com.br\/geral\/wp-json\/wp\/v2\/users\/3"}],"replies":[{"embeddable":true,"href":"https:\/\/diariodocomercio.com.br\/geral\/wp-json\/wp\/v2\/comments?post=8428"}],"version-history":[{"count":2,"href":"https:\/\/diariodocomercio.com.br\/geral\/wp-json\/wp\/v2\/posts\/8428\/revisions"}],"predecessor-version":[{"id":8434,"href":"https:\/\/diariodocomercio.com.br\/geral\/wp-json\/wp\/v2\/posts\/8428\/revisions\/8434"}],"wp:featuredmedia":[{"embeddable":true,"href":"https:\/\/diariodocomercio.com.br\/geral\/wp-json\/wp\/v2\/media\/8431"}],"wp:attachment":[{"href":"https:\/\/diariodocomercio.com.br\/geral\/wp-json\/wp\/v2\/media?parent=8428"}],"wp:term":[{"taxonomy":"category","embeddable":true,"href":"https:\/\/diariodocomercio.com.br\/geral\/wp-json\/wp\/v2\/categories?post=8428"},{"taxonomy":"post_tag","embeddable":true,"href":"https:\/\/diariodocomercio.com.br\/geral\/wp-json\/wp\/v2\/tags?post=8428"}],"curies":[{"name":"wp","href":"https:\/\/api.w.org\/{rel}","templated":true}]}}