{"id":8429,"date":"2026-09-03T15:45:00","date_gmt":"2026-09-03T18:45:00","guid":{"rendered":"https:\/\/diariodocomercio.com.br\/geral\/?p=8429"},"modified":"2026-09-03T15:28:04","modified_gmt":"2026-09-03T18:28:04","slug":"asur-assume-aeroporto-da-pampulha","status":"publish","type":"post","link":"https:\/\/diariodocomercio.com.br\/geral\/asur-assume-aeroporto-da-pampulha\/","title":{"rendered":"Empresa mexicana assume aeroportos de BH em neg\u00f3cio bilion\u00e1rio"},"content":{"rendered":"\n<p class=\"wp-block-paragraph\">A ASUR, grupo aeroportu\u00e1rio mexicano, assumiu nesta quinta-feira (3) a gest\u00e3o do aeroporto da Pampulha, em Belo Horizonte. No aeroporto de Confins, o grupo adquiriu a fatia societ\u00e1ria que a Motiva, antiga CCR, detinha no terminal.<\/p>\n\n\n\n<p class=\"wp-block-paragraph\">Avaliada em R$ 5,1 bilh\u00f5es, a opera\u00e7\u00e3o \u00e9 descrita pela pr\u00f3pria empresa como a maior aquisi\u00e7\u00e3o internacional de sua hist\u00f3ria. Com o fechamento do neg\u00f3cio, a ASUR passa a ter participa\u00e7\u00e3o em 17 aeroportos no Brasil. Em Confins, a compra de uma fatia adicional de 12,75% da Zurich Airport Ltd. na BH Airport ainda depende de aprova\u00e7\u00f5es regulat\u00f3rias.<\/p>\n\n\n\n<h2 class=\"wp-block-heading\"><strong>O que muda com a chegada da ASUR<\/strong> no aeroporto da Pampulha<\/h2>\n\n\n\n<p class=\"wp-block-paragraph\">Os 17 terminais brasileiros incluem os de Foz do Igua\u00e7u, Goi\u00e2nia, S\u00e3o Lu\u00eds e Curitiba, onde a empresa opera os aeroportos Afonso Pena e Bacacheri. Em 2025, esses terminais movimentaram mais de 48 milh\u00f5es de passageiros, volume 6,1% maior do que o registrado no ano anterior.<\/p>\n\n\n\n<p class=\"wp-block-paragraph\">Os cerca de 1.000 funcion\u00e1rios que trabalhavam nos aeroportos seguem nos mesmos postos e s\u00e3o incorporados ao quadro internacional da companhia. A empresa garantiu, em comunicado, que passageiros e companhias a\u00e9reas n\u00e3o perceber\u00e3o altera\u00e7\u00f5es no atendimento.<\/p>\n\n\n\n<p class=\"wp-block-paragraph\">O CEO do Grupo, Adolfo Castro, no cargo desde 2011, afirmou em comunicado, que o Brasil ocupa uma posi\u00e7\u00e3o central na estrat\u00e9gia de crescimento da companhia.<\/p>\n\n\n\n<p class=\"wp-block-paragraph\">Fundada em 1998, a ASUR j\u00e1 operava terminais no M\u00e9xico, com destaque para o aeroporto de Canc\u00fan, al\u00e9m de aeroportos na Col\u00f4mbia, em Porto Rico e em outros pa\u00edses das Am\u00e9ricas.<\/p>\n","protected":false},"excerpt":{"rendered":"<p>A ASUR, grupo aeroportu\u00e1rio mexicano, assumiu nesta quinta-feira (3) a gest\u00e3o do aeroporto da Pampulha, em Belo Horizonte. No aeroporto de Confins, o grupo adquiriu a fatia societ\u00e1ria que a Motiva, antiga CCR, detinha no terminal. Avaliada em R$ 5,1 bilh\u00f5es, a opera\u00e7\u00e3o \u00e9 descrita pela pr\u00f3pria empresa como a maior aquisi\u00e7\u00e3o internacional de sua [&hellip;]<\/p>\n","protected":false},"author":4,"featured_media":8435,"comment_status":"closed","ping_status":"open","sticky":false,"template":"","format":"standard","meta":{"_acf_changed":false,"footnotes":""},"categories":[9,13],"tags":[],"class_list":["post-8429","post","type-post","status-publish","format-standard","has-post-thumbnail","hentry","category-economia","category-regional"],"acf":{"subtitulo":"ASUR desembolsa R$ 5,1 bi e passa a operar o aeroporto da Pampulha e mais 16 terminais no pa\u00eds","oculta_home":false,"leitura_rapida":""},"_links":{"self":[{"href":"https:\/\/diariodocomercio.com.br\/geral\/wp-json\/wp\/v2\/posts\/8429","targetHints":{"allow":["GET"]}}],"collection":[{"href":"https:\/\/diariodocomercio.com.br\/geral\/wp-json\/wp\/v2\/posts"}],"about":[{"href":"https:\/\/diariodocomercio.com.br\/geral\/wp-json\/wp\/v2\/types\/post"}],"author":[{"embeddable":true,"href":"https:\/\/diariodocomercio.com.br\/geral\/wp-json\/wp\/v2\/users\/4"}],"replies":[{"embeddable":true,"href":"https:\/\/diariodocomercio.com.br\/geral\/wp-json\/wp\/v2\/comments?post=8429"}],"version-history":[{"count":5,"href":"https:\/\/diariodocomercio.com.br\/geral\/wp-json\/wp\/v2\/posts\/8429\/revisions"}],"predecessor-version":[{"id":8438,"href":"https:\/\/diariodocomercio.com.br\/geral\/wp-json\/wp\/v2\/posts\/8429\/revisions\/8438"}],"wp:featuredmedia":[{"embeddable":true,"href":"https:\/\/diariodocomercio.com.br\/geral\/wp-json\/wp\/v2\/media\/8435"}],"wp:attachment":[{"href":"https:\/\/diariodocomercio.com.br\/geral\/wp-json\/wp\/v2\/media?parent=8429"}],"wp:term":[{"taxonomy":"category","embeddable":true,"href":"https:\/\/diariodocomercio.com.br\/geral\/wp-json\/wp\/v2\/categories?post=8429"},{"taxonomy":"post_tag","embeddable":true,"href":"https:\/\/diariodocomercio.com.br\/geral\/wp-json\/wp\/v2\/tags?post=8429"}],"curies":[{"name":"wp","href":"https:\/\/api.w.org\/{rel}","templated":true}]}}