{"id":8439,"date":"2026-09-03T16:32:10","date_gmt":"2026-09-03T19:32:10","guid":{"rendered":"https:\/\/diariodocomercio.com.br\/geral\/?p=8439"},"modified":"2026-09-03T16:32:11","modified_gmt":"2026-09-03T19:32:11","slug":"procon-mg-multa-claro","status":"publish","type":"post","link":"https:\/\/diariodocomercio.com.br\/geral\/procon-mg-multa-claro\/","title":{"rendered":"Procon-MG multa Claro em R$ 6,7 mi por cobran\u00e7a indevida de apps na fatura"},"content":{"rendered":"\n<p class=\"wp-block-paragraph\">O Procon-MG multou a Claro em R$ 6,7 milh\u00f5es por cobran\u00e7as de aplicativos e servi\u00e7os lan\u00e7ados nas faturas sem autoriza\u00e7\u00e3o dos usu\u00e1rios. A 3\u00aa Promotoria de Justi\u00e7a de Campo Belo confirmou a pr\u00e1tica em decis\u00e3o emitida na \u00faltima segunda-feira (31).<\/p>\n\n\n\n<p class=\"wp-block-paragraph\">Galinha Pintadinha, Monicaverso, Lucas Toon, PlayKids, BTFIT, Norton VPN e Zen App. De acordo com a investiga\u00e7\u00e3o do Minist\u00e9rio P\u00fablico do Estado de Minas Gerais (MPMG), esses t\u00edtulos apareceram nas contas de consumidores que afirmam n\u00e3o t\u00ea-los contratado. Cada cobran\u00e7a girava entre R$ 20 e R$ 50 por m\u00eas.<\/p>\n\n\n\n<p class=\"wp-block-paragraph\">A pr\u00e1tica n\u00e3o ficou restrita a Minas Gerais. Bahia, Maranh\u00e3o, Tocantins e S\u00e3o Paulo tamb\u00e9m tiveram casos registrados. No estado, foram 125 reclama\u00e7\u00f5es feitas \u00e0 <a href=\"https:\/\/www.anatel.gov.br\" target=\"_blank\" rel=\"noopener\">Anatel<\/a> nos doze meses encerrados em setembro de 2025.<\/p>\n\n\n\n<p class=\"wp-block-paragraph\">Um dos consumidores ouvidos pelo MPMG declarou morar sozinho e n\u00e3o ter crian\u00e7as em casa, mas encontrou Galinha Pintadinha e Monicaverso no extrato. A Claro repetia o mesmo texto nas faturas para explicar as cobran\u00e7as, atribuindo o ac\u00famulo de dois meses a uma suposta &#8220;inconsist\u00eancia sist\u00eamica&#8221;. Para o Procon-MPMG, a repeti\u00e7\u00e3o da justificativa em diferentes cidades afasta a hip\u00f3tese de erro isolado.<\/p>\n\n\n\n<h2 class=\"wp-block-heading\"><strong><strong>Por que a multa chegou a R$ 6,7 milh\u00f5es<\/strong><\/strong><\/h2>\n\n\n\n<p class=\"wp-block-paragraph\">Conforme a decis\u00e3o do MPMG, o promotor Carlos Eduardo Avanzi de Almeida concluiu que a operadora cobrava valores baixos o suficiente para que muitos clientes n\u00e3o percebessem ou desistissem de contestar. No volume total da base, essas cobran\u00e7as geravam ganho financeiro expressivo \u00e0 empresa.<\/p>\n\n\n\n<p class=\"wp-block-paragraph\">O valor da multa foi calculado com base no faturamento da Claro em Minas Gerais em 2024, que superou R$ 1,37 bilh\u00e3o. O dinheiro vai para o Fundo Estadual de Prote\u00e7\u00e3o e Defesa do Consumidor (FEPDC). A empresa tem 10 dias \u00fateis para quitar 70% do valor, R$ 4,69 milh\u00f5es, ou recorrer \u00e0 Junta Recursal do Procon-MPMG.<\/p>\n\n\n\n<p class=\"wp-block-paragraph\">A Claro j\u00e1 havia sido multada pela Anatel, com penalidade superior a R$ 2,5 milh\u00f5es por pr\u00e1tica semelhante, mas os casos continuaram sendo registrados em MG. O MPMG chegou a propor um acordo para que a operadora corrigisse a pr\u00e1tica, mas a proposta foi recusada.<\/p>\n\n\n\n<h2 class=\"wp-block-heading\"><strong>O que fazer se voc\u00ea foi cobrado indevidamente<\/strong><\/h2>\n\n\n\n<p class=\"wp-block-paragraph\">O MPMG orienta que o consumidor cheque o extrato da operadora todo m\u00eas. Se aparecer alguma cobran\u00e7a que voc\u00ea n\u00e3o reconhece, a indica\u00e7\u00e3o \u00e9 registrar a den\u00fancia pelo <a href=\"https:\/\/www.consumidor.gov.br\" target=\"_blank\" rel=\"noopener\">Consumidor.gov.br<\/a> ou no Procon mais pr\u00f3ximo, guardando as faturas como prova.<\/p>\n","protected":false},"excerpt":{"rendered":"<p>O Procon-MG multou a Claro em R$ 6,7 milh\u00f5es por cobran\u00e7as de aplicativos e servi\u00e7os lan\u00e7ados nas faturas sem autoriza\u00e7\u00e3o dos usu\u00e1rios. A 3\u00aa Promotoria de Justi\u00e7a de Campo Belo confirmou a pr\u00e1tica em decis\u00e3o emitida na \u00faltima segunda-feira (31). Galinha Pintadinha, Monicaverso, Lucas Toon, PlayKids, BTFIT, Norton VPN e Zen App. De acordo com [&hellip;]<\/p>\n","protected":false},"author":4,"featured_media":8441,"comment_status":"closed","ping_status":"open","sticky":false,"template":"","format":"standard","meta":{"_acf_changed":false,"footnotes":""},"categories":[9,13],"tags":[],"class_list":["post-8439","post","type-post","status-publish","format-standard","has-post-thumbnail","hentry","category-economia","category-regional"],"acf":{"subtitulo":"A decis\u00e3o d\u00e1 10 dias \u00fateis para a operadora pagar R$ 4,69 milh\u00f5es ou recorrer ao Procon-MPMG","oculta_home":false,"leitura_rapida":""},"_links":{"self":[{"href":"https:\/\/diariodocomercio.com.br\/geral\/wp-json\/wp\/v2\/posts\/8439","targetHints":{"allow":["GET"]}}],"collection":[{"href":"https:\/\/diariodocomercio.com.br\/geral\/wp-json\/wp\/v2\/posts"}],"about":[{"href":"https:\/\/diariodocomercio.com.br\/geral\/wp-json\/wp\/v2\/types\/post"}],"author":[{"embeddable":true,"href":"https:\/\/diariodocomercio.com.br\/geral\/wp-json\/wp\/v2\/users\/4"}],"replies":[{"embeddable":true,"href":"https:\/\/diariodocomercio.com.br\/geral\/wp-json\/wp\/v2\/comments?post=8439"}],"version-history":[{"count":3,"href":"https:\/\/diariodocomercio.com.br\/geral\/wp-json\/wp\/v2\/posts\/8439\/revisions"}],"predecessor-version":[{"id":8444,"href":"https:\/\/diariodocomercio.com.br\/geral\/wp-json\/wp\/v2\/posts\/8439\/revisions\/8444"}],"wp:featuredmedia":[{"embeddable":true,"href":"https:\/\/diariodocomercio.com.br\/geral\/wp-json\/wp\/v2\/media\/8441"}],"wp:attachment":[{"href":"https:\/\/diariodocomercio.com.br\/geral\/wp-json\/wp\/v2\/media?parent=8439"}],"wp:term":[{"taxonomy":"category","embeddable":true,"href":"https:\/\/diariodocomercio.com.br\/geral\/wp-json\/wp\/v2\/categories?post=8439"},{"taxonomy":"post_tag","embeddable":true,"href":"https:\/\/diariodocomercio.com.br\/geral\/wp-json\/wp\/v2\/tags?post=8439"}],"curies":[{"name":"wp","href":"https:\/\/api.w.org\/{rel}","templated":true}]}}