{"id":8442,"date":"2026-09-03T16:50:00","date_gmt":"2026-09-03T19:50:00","guid":{"rendered":"https:\/\/diariodocomercio.com.br\/geral\/?p=8442"},"modified":"2026-09-03T16:35:50","modified_gmt":"2026-09-03T19:35:50","slug":"lixo-br-040-via-cristais-200-toneladas","status":"publish","type":"post","link":"https:\/\/diariodocomercio.com.br\/geral\/lixo-br-040-via-cristais-200-toneladas\/","title":{"rendered":"Mais de 200 toneladas de lixo s\u00e3o recolhidas da BR-040 em Minas Gerais"},"content":{"rendered":"\n<p class=\"wp-block-paragraph\">A concession\u00e1ria <a href=\"https:\/\/viacristais.com.br\/\" target=\"_blank\" rel=\"noopener\">Via Cristais<\/a> retirou mais de 200 toneladas de lixo na BR-040 no acumulado de 2026 no trecho que liga Belo Horizonte a Cristalina, em Goi\u00e1s. O volume equivale ao peso de cerca de 140 ve\u00edculos de passeio e resulta em uma m\u00e9dia mensal de 30 toneladas de res\u00edduos descartados irregularmente \u00e0s margens da rodovia.<\/p>\n\n\n\n<p class=\"wp-block-paragraph\">Os pontos mais cr\u00edticos se concentram na Regi\u00e3o Metropolitana, pr\u00f3ximos a Belo Horizonte, Contagem e Ribeir\u00e3o das Neves. Em algumas \u00e1reas, as equipes chegam a retirar tr\u00eas caminh\u00f5es de entulho por semana, compostos por restos de obras, m\u00f3veis e outros materiais abandonados.<\/p>\n\n\n\n<h2 class=\"wp-block-heading\"><strong>O que comp\u00f5e o lixo na BR-040 e quais os riscos<\/strong><\/h2>\n\n\n\n<p class=\"wp-block-paragraph\">Do total recolhido, cerca de 90 toneladas correspondem a restos de constru\u00e7\u00e3o civil e outras 90 toneladas prov\u00eam de varri\u00e7\u00e3o e a\u00e7\u00f5es de limpeza, incluindo 25 toneladas de pneus encaminhados para reciclagem.&nbsp;<\/p>\n\n\n\n<p class=\"wp-block-paragraph\">Ap\u00f3s a coleta, os materiais s\u00e3o separados e destinados conforme suas caracter\u00edsticas. O ac\u00famulo de lixo na BR-040 vai al\u00e9m do impacto visual e gera riscos concretos para a seguran\u00e7a e o meio ambiente:<\/p>\n\n\n\n<ul class=\"wp-block-list\">\n<li>Obstru\u00e7\u00e3o dos sistemas de drenagem e escoamento de \u00e1gua de chuva;<\/li>\n\n\n\n<li>Atra\u00e7\u00e3o de animais para as proximidades da pista;<\/li>\n\n\n\n<li>Risco de colis\u00f5es e acidentes para os motoristas;<\/li>\n\n\n\n<li>Degrada\u00e7\u00e3o ambiental do entorno da rodovia.<\/li>\n<\/ul>\n\n\n\n<p class=\"wp-block-paragraph\">Al\u00e9m dos perigos diretos, a remo\u00e7\u00e3o do lixo mobiliza recursos que poderiam ser aplicados em outras melhorias operacionais. A Via Cristais mant\u00e9m equipes de conserva\u00e7\u00e3o ao longo dos 594 quil\u00f4metros concedidos da BR\u2011040, com a\u00e7\u00f5es permanentes de limpeza e recolhimento de res\u00edduos.<\/p>\n\n\n\n<p class=\"wp-block-paragraph\">No entanto, a destina\u00e7\u00e3o correta dos res\u00edduos \u00e9 de responsabilidade coletiva. A legisla\u00e7\u00e3o municipal de BH prev\u00ea multa de at\u00e9 R$ 16.760,64 para o <a href=\"https:\/\/diariodocomercio.com.br\/geral\/ficalizacao-descarte-irregular-3-toneladas-de-lixo-bh\/\">descarte irregular<\/a> nas ruas.<\/p>\n","protected":false},"excerpt":{"rendered":"<p>A concession\u00e1ria Via Cristais retirou mais de 200 toneladas de lixo na BR-040 no acumulado de 2026 no trecho que liga Belo Horizonte a Cristalina, em Goi\u00e1s. O volume equivale ao peso de cerca de 140 ve\u00edculos de passeio e resulta em uma m\u00e9dia mensal de 30 toneladas de res\u00edduos descartados irregularmente \u00e0s margens da [&hellip;]<\/p>\n","protected":false},"author":3,"featured_media":8445,"comment_status":"closed","ping_status":"open","sticky":false,"template":"","format":"standard","meta":{"_acf_changed":false,"footnotes":""},"categories":[1,13],"tags":[],"class_list":["post-8442","post","type-post","status-publish","format-standard","has-post-thumbnail","hentry","category-geral","category-regional"],"acf":{"subtitulo":"Via Cristais retirou o equivalente ao peso de 140 ve\u00edculos em res\u00edduos descartados irregularmente no trecho entre BH e Cristalina (GO)","oculta_home":false,"leitura_rapida":""},"_links":{"self":[{"href":"https:\/\/diariodocomercio.com.br\/geral\/wp-json\/wp\/v2\/posts\/8442","targetHints":{"allow":["GET"]}}],"collection":[{"href":"https:\/\/diariodocomercio.com.br\/geral\/wp-json\/wp\/v2\/posts"}],"about":[{"href":"https:\/\/diariodocomercio.com.br\/geral\/wp-json\/wp\/v2\/types\/post"}],"author":[{"embeddable":true,"href":"https:\/\/diariodocomercio.com.br\/geral\/wp-json\/wp\/v2\/users\/3"}],"replies":[{"embeddable":true,"href":"https:\/\/diariodocomercio.com.br\/geral\/wp-json\/wp\/v2\/comments?post=8442"}],"version-history":[{"count":1,"href":"https:\/\/diariodocomercio.com.br\/geral\/wp-json\/wp\/v2\/posts\/8442\/revisions"}],"predecessor-version":[{"id":8446,"href":"https:\/\/diariodocomercio.com.br\/geral\/wp-json\/wp\/v2\/posts\/8442\/revisions\/8446"}],"wp:featuredmedia":[{"embeddable":true,"href":"https:\/\/diariodocomercio.com.br\/geral\/wp-json\/wp\/v2\/media\/8445"}],"wp:attachment":[{"href":"https:\/\/diariodocomercio.com.br\/geral\/wp-json\/wp\/v2\/media?parent=8442"}],"wp:term":[{"taxonomy":"category","embeddable":true,"href":"https:\/\/diariodocomercio.com.br\/geral\/wp-json\/wp\/v2\/categories?post=8442"},{"taxonomy":"post_tag","embeddable":true,"href":"https:\/\/diariodocomercio.com.br\/geral\/wp-json\/wp\/v2\/tags?post=8442"}],"curies":[{"name":"wp","href":"https:\/\/api.w.org\/{rel}","templated":true}]}}