{"id":8447,"date":"2026-09-03T17:32:54","date_gmt":"2026-09-03T20:32:54","guid":{"rendered":"https:\/\/diariodocomercio.com.br\/geral\/?p=8447"},"modified":"2026-09-03T17:32:55","modified_gmt":"2026-09-03T20:32:55","slug":"refis-2026-desconto-100-juros-multas-montes-claros","status":"publish","type":"post","link":"https:\/\/diariodocomercio.com.br\/geral\/refis-2026-desconto-100-juros-multas-montes-claros\/","title":{"rendered":"REFIS 2026: moradores de Montes Claros podem negociar d\u00edvidas com at\u00e9 100% de desconto em juros"},"content":{"rendered":"\n<p class=\"wp-block-paragraph\">O Programa Municipal de Recupera\u00e7\u00e3o Fiscal (REFIS 2026) abriu o prazo para ades\u00e3o nesta ter\u00e7a-feira (1\u00ba) em Montes Claros. Contribuintes com d\u00edvidas tribut\u00e1rias e n\u00e3o tribut\u00e1rias vencidas at\u00e9 31 de dezembro de 2025 j\u00e1 podem negociar os valores com condi\u00e7\u00f5es especiais junto \u00e0 Prefeitura.<\/p>\n\n\n\n<p class=\"wp-block-paragraph\">Quem optar pelo pagamento em parcela \u00fanica ter\u00e1 anistia de 100% dos juros e das multas, enquanto quem optar pelo parcelamento poder\u00e1 dividir o d\u00e9bito em at\u00e9 24 vezes, com desconto de 80% sobre juros e multas.<\/p>\n\n\n\n<p class=\"wp-block-paragraph\">O valor m\u00ednimo de cada parcela \u00e9 de R$ 100, com vencimento sempre no quinto dia \u00fatil de cada m\u00eas.<\/p>\n\n\n\n<h2 class=\"wp-block-heading\"><strong>Como aderir ao REFIS 2026<\/strong><\/h2>\n\n\n\n<p class=\"wp-block-paragraph\">A ades\u00e3o pode ser feita pela internet, pelo <a href=\"http:\/\/regularize.montesclaros.mg.gov.br\" target=\"_blank\" rel=\"noopener\">portal oficial<\/a> da Prefeitura de Montes Claros em, ou presencialmente na Central de Atendimento do munic\u00edpio, na Avenida Cula Mangabeira, mediante agendamento pr\u00e9vio.<\/p>\n\n\n\n<p class=\"wp-block-paragraph\">Os documentos exigidos variam conforme o perfil do contribuinte. Pessoas f\u00edsicas precisam apenas de documento de identifica\u00e7\u00e3o e comprovante de resid\u00eancia. J\u00e1 a pessoa jur\u00eddica deve apresentar contrato social e \u00faltima altera\u00e7\u00e3o, CNPJ e documento do representante.<\/p>\n\n\n\n<p class=\"wp-block-paragraph\">No caso de cr\u00e9ditos tribut\u00e1rios com parcelamento vigente, \u00e9 necess\u00e1rio apresentar c\u00f3pia do protocolo de requerimento de rescis\u00e3o junto ao sistema da Secretaria Municipal de Finan\u00e7as. J\u00e1 se a ades\u00e3o for atrav\u00e9s de representante, deve-se apresentar procura\u00e7\u00e3o.<\/p>\n\n\n\n<p class=\"wp-block-paragraph\"><\/p>\n","protected":false},"excerpt":{"rendered":"<p>O Programa Municipal de Recupera\u00e7\u00e3o Fiscal (REFIS 2026) abriu o prazo para ades\u00e3o nesta ter\u00e7a-feira (1\u00ba) em Montes Claros. Contribuintes com d\u00edvidas tribut\u00e1rias e n\u00e3o tribut\u00e1rias vencidas at\u00e9 31 de dezembro de 2025 j\u00e1 podem negociar os valores com condi\u00e7\u00f5es especiais junto \u00e0 Prefeitura. Quem optar pelo pagamento em parcela \u00fanica ter\u00e1 anistia de 100% [&hellip;]<\/p>\n","protected":false},"author":3,"featured_media":2562,"comment_status":"closed","ping_status":"open","sticky":false,"template":"","format":"standard","meta":{"_acf_changed":false,"footnotes":""},"categories":[9,13],"tags":[],"class_list":["post-8447","post","type-post","status-publish","format-standard","has-post-thumbnail","hentry","category-economia","category-regional"],"acf":{"subtitulo":"Pagamento \u00e0 vista garante anistia total de juros e multas, e parcelamento em at\u00e9 24 vezes oferece desconto de 80%","oculta_home":false,"leitura_rapida":""},"_links":{"self":[{"href":"https:\/\/diariodocomercio.com.br\/geral\/wp-json\/wp\/v2\/posts\/8447","targetHints":{"allow":["GET"]}}],"collection":[{"href":"https:\/\/diariodocomercio.com.br\/geral\/wp-json\/wp\/v2\/posts"}],"about":[{"href":"https:\/\/diariodocomercio.com.br\/geral\/wp-json\/wp\/v2\/types\/post"}],"author":[{"embeddable":true,"href":"https:\/\/diariodocomercio.com.br\/geral\/wp-json\/wp\/v2\/users\/3"}],"replies":[{"embeddable":true,"href":"https:\/\/diariodocomercio.com.br\/geral\/wp-json\/wp\/v2\/comments?post=8447"}],"version-history":[{"count":1,"href":"https:\/\/diariodocomercio.com.br\/geral\/wp-json\/wp\/v2\/posts\/8447\/revisions"}],"predecessor-version":[{"id":8448,"href":"https:\/\/diariodocomercio.com.br\/geral\/wp-json\/wp\/v2\/posts\/8447\/revisions\/8448"}],"wp:attachment":[{"href":"https:\/\/diariodocomercio.com.br\/geral\/wp-json\/wp\/v2\/media?parent=8447"}],"wp:term":[{"taxonomy":"category","embeddable":true,"href":"https:\/\/diariodocomercio.com.br\/geral\/wp-json\/wp\/v2\/categories?post=8447"},{"taxonomy":"post_tag","embeddable":true,"href":"https:\/\/diariodocomercio.com.br\/geral\/wp-json\/wp\/v2\/tags?post=8447"}],"curies":[{"name":"wp","href":"https:\/\/api.w.org\/{rel}","templated":true}]}}