{"id":8449,"date":"2026-09-03T18:33:18","date_gmt":"2026-09-03T21:33:18","guid":{"rendered":"https:\/\/diariodocomercio.com.br\/geral\/?p=8449"},"modified":"2026-09-03T18:34:32","modified_gmt":"2026-09-03T21:34:32","slug":"rota-do-queijo-de-minas-zona-da-mata-juiz-de-fora","status":"publish","type":"post","link":"https:\/\/diariodocomercio.com.br\/geral\/rota-do-queijo-de-minas-zona-da-mata-juiz-de-fora\/","title":{"rendered":"Juiz de Fora recebe a Rota do Queijo de Minas com aulas-show, degusta\u00e7\u00e3o e atra\u00e7\u00f5es musicais"},"content":{"rendered":"\n<p class=\"wp-block-paragraph\">O queijo artesanal mineiro ganha protagonismo na Zona da Mata com um projeto in\u00e9dito que mescla culin\u00e1ria e valoriza\u00e7\u00e3o regional. No pr\u00f3ximo domingo (13), Juiz de Fora recebe o lan\u00e7amento da Rota do Queijo de Minas, iniciativa que re\u00fane produtores, chefs, m\u00fasicos e o p\u00fablico em torno da cultura e da gastronomia que fazem do queijo mineiro um dos produtos mais emblem\u00e1ticos do estado. A entrada \u00e9 gratuita, mas os ingressos precisam ser retirados antecipadamente pelo Sympla.<\/p>\n\n\n\n<h2 class=\"wp-block-heading\"><strong>Queijos de quatro territ\u00f3rios e releituras mineiras<\/strong><\/h2>\n\n\n\n<p class=\"wp-block-paragraph\">A programa\u00e7\u00e3o gastron\u00f4mica da Rota do Queijo de Minas contempla queijos de cabra e de vaca de quatro regi\u00f5es produtoras: Canastra, Diamantina, Mantiqueira de Minas e Zona da Mata. Ao longo do evento, ser\u00e1 poss\u00edvel conhecer os produtos, conversar com produtores, participar de degusta\u00e7\u00f5es e feiras de queijos, acompanhar aulas-show.<\/p>\n\n\n\n<p class=\"wp-block-paragraph\">Chefs convidados como Juliano Godinho, Jo\u00e3o Simoncini, Alexandre &#8220;Bigols&#8221;, Ricardo Vieira, do Restaurante Vieiras, e Thiago Caiafa completam a programa\u00e7\u00e3o gastron\u00f4mica com prepara\u00e7\u00f5es que incluem arroz Carij\u00f3, pastel de pernil com requeij\u00e3o cremoso, queijo crocante com barbecue de rapadura e massa com queijo Canastra.<\/p>\n\n\n\n<p class=\"wp-block-paragraph\">O destaque das aulas-show fica por conta do \u201cCacio, Porco &amp; Pepe\u201d, conduzida pelo cozinheiro e tamb\u00e9m diretor do projeto Jordane Macedo. A proposta \u00e9 transformar o cl\u00e1ssico romano Cacio e Pepe numa releitura mineira.<\/p>\n\n\n\n<p class=\"wp-block-paragraph\">A culinarista Cidinha Santiago, com 30 anos de atua\u00e7\u00e3o na valoriza\u00e7\u00e3o da culin\u00e1ria brasileira e natural de Belmiro Braga (MG), prepara dois pratos de mem\u00f3ria afetiva: canjiquinha com lombo su\u00edno e Mineiro de Botas, sobremesa que re\u00fane banana, queijo e doce de leite.<\/p>\n\n\n\n<p class=\"wp-block-paragraph\">&#8220;Levar esse encontro para a Zona da Mata \u00e9 uma oportunidade de conectar produtores e consumidores, compartilhar hist\u00f3rias e mostrar que cada regi\u00e3o tem sua identidade, seus saberes e seus sabores&#8221;, afirma Jordane Macedo.<\/p>\n\n\n\n<h2 class=\"wp-block-heading\"><strong>M\u00fasica, cultura e espa\u00e7o para toda a fam\u00edlia<\/strong><\/h2>\n\n\n\n<p class=\"wp-block-paragraph\">A programa\u00e7\u00e3o cultural da Rota do Queijo de Minas em Juiz de Fora inclui discotecagem com DJ, shows da cantora Aline Crispim, do Trio HS Blues e do grupo S\u00f3 Par\u00eant, al\u00e9m de conta\u00e7\u00e3o de hist\u00f3rias com Vanda Ferreira. O Grupo Nzinga e o Projeto Acordes tamb\u00e9m se apresentam.<\/p>\n\n\n\n<p class=\"wp-block-paragraph\">O evento \u00e9 pet friendly e, para as crian\u00e7as, haver\u00e1 espa\u00e7o kids com pipoca e a\u00e7a\u00ed. Vinhos, cacha\u00e7as e drinks estar\u00e3o \u00e0 venda no local.<\/p>\n\n\n\n<p class=\"wp-block-paragraph\"><strong>Sobre o evento<\/strong><\/p>\n\n\n\n<p class=\"wp-block-paragraph\"><strong>Rota do Queijo de Minas \u2013 Zona da Mata<\/strong>&nbsp;<\/p>\n\n\n\n<ul class=\"wp-block-list\">\n<li><strong>Data:<\/strong> 13 de setembro de 2026, domingo<\/li>\n\n\n\n<li><strong>Hor\u00e1rio:<\/strong> Das 10h \u00e0s 19h<\/li>\n\n\n\n<li><strong>Local:<\/strong> Centro Universit\u00e1rio Academia (UniAcademia) \u2013 Juiz de Fora (MG)\u00a0<\/li>\n\n\n\n<li><strong>Ingressos:<\/strong> Entrada gratuita com retirada antecipada de ingresso pelo <a href=\"https:\/\/www.sympla.com.br\/evento\/rota-do-queijo-de-minas-zona-da-mata-juiz-de-fora-e-entorno\/3562139?referrer=www.google.com&amp;referrer=www.google.com\" target=\"_blank\" rel=\"noopener\">Sympla<\/a>\u00a0<\/li>\n\n\n\n<li><strong>Patroc\u00ednio:<\/strong> Funda\u00e7\u00e3o ArcelorMittal. Apoio: UniAcademia, Prefeitura de Juiz de Fora (Secretaria de Desenvolvimento Agr\u00e1rio e Secretaria de Turismo).<\/li>\n<\/ul>\n","protected":false},"excerpt":{"rendered":"<p>O queijo artesanal mineiro ganha protagonismo na Zona da Mata com um projeto in\u00e9dito que mescla culin\u00e1ria e valoriza\u00e7\u00e3o regional. No pr\u00f3ximo domingo (13), Juiz de Fora recebe o lan\u00e7amento da Rota do Queijo de Minas, iniciativa que re\u00fane produtores, chefs, m\u00fasicos e o p\u00fablico em torno da cultura e da gastronomia que fazem do [&hellip;]<\/p>\n","protected":false},"author":3,"featured_media":8450,"comment_status":"closed","ping_status":"open","sticky":false,"template":"","format":"standard","meta":{"_acf_changed":false,"footnotes":""},"categories":[1,13],"tags":[],"class_list":["post-8449","post","type-post","status-publish","format-standard","has-post-thumbnail","hentry","category-geral","category-regional"],"acf":{"subtitulo":"Evento acontece no dia 13 de setembro no UniAcademia com queijos de quatro territ\u00f3rios produtores, aulas-show, chefs convidados e shows ao vivo","oculta_home":false,"leitura_rapida":""},"_links":{"self":[{"href":"https:\/\/diariodocomercio.com.br\/geral\/wp-json\/wp\/v2\/posts\/8449","targetHints":{"allow":["GET"]}}],"collection":[{"href":"https:\/\/diariodocomercio.com.br\/geral\/wp-json\/wp\/v2\/posts"}],"about":[{"href":"https:\/\/diariodocomercio.com.br\/geral\/wp-json\/wp\/v2\/types\/post"}],"author":[{"embeddable":true,"href":"https:\/\/diariodocomercio.com.br\/geral\/wp-json\/wp\/v2\/users\/3"}],"replies":[{"embeddable":true,"href":"https:\/\/diariodocomercio.com.br\/geral\/wp-json\/wp\/v2\/comments?post=8449"}],"version-history":[{"count":3,"href":"https:\/\/diariodocomercio.com.br\/geral\/wp-json\/wp\/v2\/posts\/8449\/revisions"}],"predecessor-version":[{"id":8453,"href":"https:\/\/diariodocomercio.com.br\/geral\/wp-json\/wp\/v2\/posts\/8449\/revisions\/8453"}],"wp:featuredmedia":[{"embeddable":true,"href":"https:\/\/diariodocomercio.com.br\/geral\/wp-json\/wp\/v2\/media\/8450"}],"wp:attachment":[{"href":"https:\/\/diariodocomercio.com.br\/geral\/wp-json\/wp\/v2\/media?parent=8449"}],"wp:term":[{"taxonomy":"category","embeddable":true,"href":"https:\/\/diariodocomercio.com.br\/geral\/wp-json\/wp\/v2\/categories?post=8449"},{"taxonomy":"post_tag","embeddable":true,"href":"https:\/\/diariodocomercio.com.br\/geral\/wp-json\/wp\/v2\/tags?post=8449"}],"curies":[{"name":"wp","href":"https:\/\/api.w.org\/{rel}","templated":true}]}}