{"id":8454,"date":"2026-09-03T19:19:13","date_gmt":"2026-09-03T22:19:13","guid":{"rendered":"https:\/\/diariodocomercio.com.br\/geral\/?p=8454"},"modified":"2026-09-03T19:20:40","modified_gmt":"2026-09-03T22:20:40","slug":"bolsa-familia-setembro-2026-calendario-pagamentos","status":"publish","type":"post","link":"https:\/\/diariodocomercio.com.br\/geral\/bolsa-familia-setembro-2026-calendario-pagamentos\/","title":{"rendered":"Bolsa Fam\u00edlia de setembro: veja quando cai os pagamentos"},"content":{"rendered":"\n<p class=\"wp-block-paragraph\">A <a href=\"https:\/\/www.caixa.gov.br\/\" target=\"_blank\" rel=\"noopener\">Caixa Econ\u00f4mica Federal<\/a> come\u00e7a a liberar os pagamentos do Bolsa Fam\u00edlia de setembro a partir do dia 17. O calend\u00e1rio segue at\u00e9 30 de setembro e, como ocorre normalmente, o dinheiro ser\u00e1 depositado de forma escalonada conforme o \u00faltimo d\u00edgito do N\u00famero de Identifica\u00e7\u00e3o Social (NIS) de cada benefici\u00e1rio. Os pagamentos s\u00e3o realizados nos \u00faltimos 10 dias \u00fateis de cada m\u00eas.&nbsp;<\/p>\n\n\n\n<p class=\"wp-block-paragraph\">A principal exce\u00e7\u00e3o \u00e9 dezembro, quando o calend\u00e1rio \u00e9 antecipado para que os benefici\u00e1rios recebam os valores antes das festas de fim de ano.<\/p>\n\n\n\n<h2 class=\"wp-block-heading\"><strong>Calend\u00e1rio do Bolsa Fam\u00edlia de setembro de 2026<\/strong><\/h2>\n\n\n\n<p class=\"wp-block-paragraph\">Para descobrir quando o benef\u00edcio estar\u00e1 dispon\u00edvel, o benefici\u00e1rio deve conferir o \u00faltimo n\u00famero do NIS, que pode ser encontrado no cart\u00e3o do programa. O Bolsa Fam\u00edlia de setembro ser\u00e1 pago nas seguintes datas:<\/p>\n\n\n\n<ul class=\"wp-block-list\">\n<li><strong>NIS final 1:<\/strong> 17 de setembro<\/li>\n\n\n\n<li><strong>NIS final 2:<\/strong> 18 de setembro<\/li>\n\n\n\n<li><strong>NIS final 3:<\/strong> 21 de setembro<\/li>\n\n\n\n<li><strong>NIS final 4:<\/strong> 22 de setembro<\/li>\n\n\n\n<li><strong>NIS final 5:<\/strong> 23 de setembro<\/li>\n\n\n\n<li><strong>NIS final 6:<\/strong> 24 de setembro<\/li>\n\n\n\n<li><strong>NIS final 7:<\/strong> 25 de setembro<\/li>\n\n\n\n<li><strong>NIS final 8:<\/strong> 28 de setembro<\/li>\n\n\n\n<li><strong>NIS final 9:<\/strong> 29 de setembro<\/li>\n\n\n\n<li><strong>NIS final 0:<\/strong> 30 de setembro<\/li>\n<\/ul>\n\n\n\n<h2 class=\"wp-block-heading\"><strong>Quanto ser\u00e1 pago pelo Bolsa Fam\u00edlia em setembro<\/strong><\/h2>\n\n\n\n<p class=\"wp-block-paragraph\">O programa garante um pagamento m\u00ednimo de R$ 600 por fam\u00edlia. O valor final, por\u00e9m, pode ser maior conforme a composi\u00e7\u00e3o familiar, devido aos benef\u00edcios adicionais previstos pelo programa.<\/p>\n\n\n\n<p class=\"wp-block-paragraph\">Os acr\u00e9scimos s\u00e3o:<\/p>\n\n\n\n<ul class=\"wp-block-list\">\n<li>R$ 150 por crian\u00e7a de at\u00e9 6 anos;<\/li>\n\n\n\n<li>R$ 50 para gestantes;<\/li>\n\n\n\n<li>R$ 50 para crian\u00e7as e adolescentes de 7 a 17 anos;<\/li>\n\n\n\n<li>R$ 50 para cada beb\u00ea de at\u00e9 seis meses.<\/li>\n<\/ul>\n\n\n\n<p class=\"wp-block-paragraph\">Com a soma dos benef\u00edcios, algumas fam\u00edlias podem receber <a href=\"https:\/\/diariodocomercio.com.br\/geral\/beneficiarios-do-bolsa-familia-podem-receber-mais-de-r-900\/\">mais de R$ 900 por m\u00eas<\/a>, dependendo da quantidade e da idade dos integrantes.<\/p>\n\n\n\n<h2 class=\"wp-block-heading\"><strong>Como receber e movimentar o dinheiro do Bolsa Fam\u00edlia<\/strong><\/h2>\n\n\n\n<p class=\"wp-block-paragraph\">Os valores do Bolsa Fam\u00edlia de setembro podem ser movimentados pelo aplicativo Caixa Tem e pelo internet banking da Caixa. Dessa forma, o benefici\u00e1rio n\u00e3o precisa necessariamente comparecer a uma ag\u00eancia para utilizar o dinheiro.<\/p>\n\n\n\n<p class=\"wp-block-paragraph\">O cart\u00e3o do programa tamb\u00e9m pode ser usado para realizar compras em estabelecimentos comerciais na fun\u00e7\u00e3o d\u00e9bito.<\/p>\n\n\n\n<p class=\"wp-block-paragraph\">Para quem precisa sacar o benef\u00edcio em dinheiro, h\u00e1 op\u00e7\u00f5es nos terminais de autoatendimento, casas lot\u00e9ricas, correspondentes Caixa Aqui e ag\u00eancias da Caixa Econ\u00f4mica Federal.<\/p>\n","protected":false},"excerpt":{"rendered":"<p>A Caixa Econ\u00f4mica Federal come\u00e7a a liberar os pagamentos do Bolsa Fam\u00edlia de setembro a partir do dia 17. O calend\u00e1rio segue at\u00e9 30 de setembro e, como ocorre normalmente, o dinheiro ser\u00e1 depositado de forma escalonada conforme o \u00faltimo d\u00edgito do N\u00famero de Identifica\u00e7\u00e3o Social (NIS) de cada benefici\u00e1rio. Os pagamentos s\u00e3o realizados nos [&hellip;]<\/p>\n","protected":false},"author":3,"featured_media":4982,"comment_status":"closed","ping_status":"open","sticky":false,"template":"","format":"standard","meta":{"_acf_changed":false,"footnotes":""},"categories":[9,1],"tags":[],"class_list":["post-8454","post","type-post","status-publish","format-standard","has-post-thumbnail","hentry","category-economia","category-geral"],"acf":{"subtitulo":"Benefici\u00e1rios come\u00e7am a receber o benef\u00edcio no dia 17, conforme o final do NIS; pagamentos seguem at\u00e9 30 de setembro","oculta_home":false,"leitura_rapida":""},"_links":{"self":[{"href":"https:\/\/diariodocomercio.com.br\/geral\/wp-json\/wp\/v2\/posts\/8454","targetHints":{"allow":["GET"]}}],"collection":[{"href":"https:\/\/diariodocomercio.com.br\/geral\/wp-json\/wp\/v2\/posts"}],"about":[{"href":"https:\/\/diariodocomercio.com.br\/geral\/wp-json\/wp\/v2\/types\/post"}],"author":[{"embeddable":true,"href":"https:\/\/diariodocomercio.com.br\/geral\/wp-json\/wp\/v2\/users\/3"}],"replies":[{"embeddable":true,"href":"https:\/\/diariodocomercio.com.br\/geral\/wp-json\/wp\/v2\/comments?post=8454"}],"version-history":[{"count":2,"href":"https:\/\/diariodocomercio.com.br\/geral\/wp-json\/wp\/v2\/posts\/8454\/revisions"}],"predecessor-version":[{"id":8456,"href":"https:\/\/diariodocomercio.com.br\/geral\/wp-json\/wp\/v2\/posts\/8454\/revisions\/8456"}],"wp:featuredmedia":[{"embeddable":true,"href":"https:\/\/diariodocomercio.com.br\/geral\/wp-json\/wp\/v2\/media\/4982"}],"wp:attachment":[{"href":"https:\/\/diariodocomercio.com.br\/geral\/wp-json\/wp\/v2\/media?parent=8454"}],"wp:term":[{"taxonomy":"category","embeddable":true,"href":"https:\/\/diariodocomercio.com.br\/geral\/wp-json\/wp\/v2\/categories?post=8454"},{"taxonomy":"post_tag","embeddable":true,"href":"https:\/\/diariodocomercio.com.br\/geral\/wp-json\/wp\/v2\/tags?post=8454"}],"curies":[{"name":"wp","href":"https:\/\/api.w.org\/{rel}","templated":true}]}}