{"id":8458,"date":"2026-09-04T09:00:00","date_gmt":"2026-09-04T12:00:00","guid":{"rendered":"https:\/\/diariodocomercio.com.br\/geral\/?p=8458"},"modified":"2026-09-04T08:48:50","modified_gmt":"2026-09-04T11:48:50","slug":"cefet-mg","status":"publish","type":"post","link":"https:\/\/diariodocomercio.com.br\/geral\/cefet-mg\/","title":{"rendered":"Senado aprova transforma\u00e7\u00e3o do Cefet-MG em universidade"},"content":{"rendered":"\n<p class=\"wp-block-paragraph\">O Senado Federal aprovou, nessa \u00faltima quinta-feira (4\/9), a transforma\u00e7\u00e3o do <a href=\"https:\/\/www.cefetmg.br\/\" target=\"_blank\" rel=\"noreferrer noopener\">Cefet-MG<\/a> em uma universidade federal. Com a mudan\u00e7a, o Centro Federal de Educa\u00e7\u00e3o Tecnol\u00f3gica de Minas Gerais passou a se chamar Universidade Federal de Ci\u00eancia e Inova\u00e7\u00e3o de Minas Gerais, ou UFCI\/MG.<\/p>\n\n\n\n<p class=\"wp-block-paragraph\">O Projeto de Lei 4.952\/2026 foi aprovado pela C\u00e2mara dos Deputados um dia antes, na quarta-feira, e agora vai para san\u00e7\u00e3o presidencial.<\/p>\n\n\n\n<p class=\"wp-block-paragraph\">A mesma proposta tamb\u00e9m acontece no Centro Federal de Educa\u00e7\u00e3o Tecnol\u00f3gica Celso Suckow da Fonseca, no Rio de Janeiro. Ele tamb\u00e9m ser\u00e1 transformado em uma Universidade Federal de Ci\u00eancia e Inova\u00e7\u00e3o, por\u00e9m do RJ. As duas institui\u00e7\u00f5es passam por um processo semelhante de mudan\u00e7a de status na rede federal de ensino.<\/p>\n\n\n\n<h2 class=\"wp-block-heading\">Cefet-MG mant\u00e9m cursos t\u00e9cnicos mesmo sendo universidade federal<\/h2>\n\n\n\n<p class=\"wp-block-paragraph\">A transforma\u00e7\u00e3o da institui\u00e7\u00e3o em universidade federal n\u00e3o significa o fim dos cursos t\u00e9cnicos oferecidos. Pelo texto aprovado, a nova universidade continua oferecendo educa\u00e7\u00e3o profissional t\u00e9cnica de n\u00edvel m\u00e9dio.<\/p>\n\n\n\n<p class=\"wp-block-paragraph\">Por\u00e9m, ganha mais autonomia para o ensino superior, na pesquisa, na extens\u00e3o, na ci\u00eancia e inova\u00e7\u00e3o. A mudan\u00e7a acompanha a trajet\u00f3ria que j\u00e1 vinha sendo constru\u00edda pelos Cefets nos \u00faltimos anos.<\/p>\n\n\n\n<p class=\"wp-block-paragraph\">A institui\u00e7\u00e3o j\u00e1 oferecia cursos de gradua\u00e7\u00e3o e p\u00f3s-gradua\u00e7\u00e3o e desenvolvia atividades cient\u00edficas e tecnol\u00f3gicas mesmo antes de ser considerada universidade.<\/p>\n\n\n\n<p class=\"wp-block-paragraph\">A cria\u00e7\u00e3o da UFCI\/MG formaliza, no papel, a atua\u00e7\u00e3o da institui\u00e7\u00e3o, que j\u00e1 estava fazendo isso na pr\u00e1tica. A data de aprova\u00e7\u00e3o tamb\u00e9m \u00e9 simb\u00f3lica para o Cefet-MG.<\/p>\n\n\n\n<p class=\"wp-block-paragraph\">Na pr\u00f3xima ter\u00e7a-feira (8\/9), a institui\u00e7\u00e3o completa 116 anos. Ela foi criada em 1910 como Escola de Aprendizes Art\u00edfices, se transformou em Escola T\u00e9cnica em 1942, virou Cefet em 1978, e agora em 2026 passa por essa mudan\u00e7a de status para virar universidade federal.<\/p>\n\n\n\n<h2 class=\"wp-block-heading\">Projeto parecido foi vetado em 2025<\/h2>\n\n\n\n<p class=\"wp-block-paragraph\">A transforma\u00e7\u00e3o dos Cefets de Minas Gerais e do Rio de Janeiro j\u00e1 passou pelo Congresso Nacional em uma tentativa anterior. Em julho de 2025, deputados aprovaram o Projeto de Lei 5.102\/2023, da autoria de Patrus Ananias (PT-MG), com objetivo parecido com o texto atual.<\/p>\n\n\n\n<p class=\"wp-block-paragraph\">Essa primeira proposta foi vetada pela Presid\u00eancia da Rep\u00fablica. O veto foi justificado pela exist\u00eancia de v\u00edcio de iniciativa, j\u00e1 que mudan\u00e7as relacionadas a uma organiza\u00e7\u00e3o da administra\u00e7\u00e3o p\u00fablica federal precisam vir do Poder Executivo, n\u00e3o do Legislativo.<\/p>\n\n\n\n<p class=\"wp-block-paragraph\">Depois do veto, o pr\u00f3prio governo federal passou ao Congresso, em agosto desse ano, o Projeto de Lei 4.952\/2026, retomando a proposta.<\/p>\n\n\n\n<p class=\"wp-block-paragraph\">Com a aprova\u00e7\u00e3o tanto na C\u00e2mara quanto no Senado, o texto depende s\u00f3 da san\u00e7\u00e3o presidencial para que a cria\u00e7\u00e3o da UFCI\/MG e da nova universidade fluminense sejam oficiais.<\/p>\n","protected":false},"excerpt":{"rendered":"<p>O Senado Federal aprovou, nessa \u00faltima quinta-feira (4\/9), a transforma\u00e7\u00e3o do Cefet-MG em uma universidade federal. Com a mudan\u00e7a, o Centro Federal de Educa\u00e7\u00e3o Tecnol\u00f3gica de Minas Gerais passou a se chamar Universidade Federal de Ci\u00eancia e Inova\u00e7\u00e3o de Minas Gerais, ou UFCI\/MG. O Projeto de Lei 4.952\/2026 foi aprovado pela C\u00e2mara dos Deputados um [&hellip;]<\/p>\n","protected":false},"author":5,"featured_media":8459,"comment_status":"closed","ping_status":"open","sticky":false,"template":"","format":"standard","meta":{"_acf_changed":false,"footnotes":""},"categories":[1],"tags":[],"class_list":["post-8458","post","type-post","status-publish","format-standard","has-post-thumbnail","hentry","category-geral"],"acf":{"subtitulo":"Projeto chega ao Congresso poucos dias antes do anivers\u00e1rio de 116 anos da institui\u00e7\u00e3o mineira.","oculta_home":false,"leitura_rapida":""},"_links":{"self":[{"href":"https:\/\/diariodocomercio.com.br\/geral\/wp-json\/wp\/v2\/posts\/8458","targetHints":{"allow":["GET"]}}],"collection":[{"href":"https:\/\/diariodocomercio.com.br\/geral\/wp-json\/wp\/v2\/posts"}],"about":[{"href":"https:\/\/diariodocomercio.com.br\/geral\/wp-json\/wp\/v2\/types\/post"}],"author":[{"embeddable":true,"href":"https:\/\/diariodocomercio.com.br\/geral\/wp-json\/wp\/v2\/users\/5"}],"replies":[{"embeddable":true,"href":"https:\/\/diariodocomercio.com.br\/geral\/wp-json\/wp\/v2\/comments?post=8458"}],"version-history":[{"count":5,"href":"https:\/\/diariodocomercio.com.br\/geral\/wp-json\/wp\/v2\/posts\/8458\/revisions"}],"predecessor-version":[{"id":8464,"href":"https:\/\/diariodocomercio.com.br\/geral\/wp-json\/wp\/v2\/posts\/8458\/revisions\/8464"}],"wp:featuredmedia":[{"embeddable":true,"href":"https:\/\/diariodocomercio.com.br\/geral\/wp-json\/wp\/v2\/media\/8459"}],"wp:attachment":[{"href":"https:\/\/diariodocomercio.com.br\/geral\/wp-json\/wp\/v2\/media?parent=8458"}],"wp:term":[{"taxonomy":"category","embeddable":true,"href":"https:\/\/diariodocomercio.com.br\/geral\/wp-json\/wp\/v2\/categories?post=8458"},{"taxonomy":"post_tag","embeddable":true,"href":"https:\/\/diariodocomercio.com.br\/geral\/wp-json\/wp\/v2\/tags?post=8458"}],"curies":[{"name":"wp","href":"https:\/\/api.w.org\/{rel}","templated":true}]}}