{"id":8465,"date":"2026-09-04T10:15:00","date_gmt":"2026-09-04T13:15:00","guid":{"rendered":"https:\/\/diariodocomercio.com.br\/geral\/?p=8465"},"modified":"2026-09-04T09:12:36","modified_gmt":"2026-09-04T12:12:36","slug":"trabalho-escravo-em-bh","status":"publish","type":"post","link":"https:\/\/diariodocomercio.com.br\/geral\/trabalho-escravo-em-bh\/","title":{"rendered":"Idosas s\u00e3o resgatadas de trabalho escravo em BH"},"content":{"rendered":"\n<p class=\"wp-block-paragraph\">Duas mulheres, uma de 95 anos e outra de 65, foram encontradas v\u00edtimas de trabalho escravo em BH nesta semana. Ap\u00f3s d\u00e9cadas trabalhando para mesma fam\u00edlia, sem direitos trabalhistas ou sal\u00e1rio, elas foram encontradas em uma resid\u00eancia na regi\u00e3o nobre de Belo Horizonte.<\/p>\n\n\n\n<p class=\"wp-block-paragraph\">A a\u00e7\u00e3o foi realizada pela Superintend\u00eancia Regional do Trabalho de Minas Gerais (<a href=\"https:\/\/www.mg.gov.br\/instituicao_unidade\/superintendencia-regional-do-trabalho-e-emprego\" target=\"_blank\" rel=\"noreferrer noopener\">SRTE-MG<\/a>), vinculada ao Minist\u00e9rio do Trabalho e Emprego, com apoio do Minist\u00e9rio P\u00fablico do Trabalho (<a href=\"https:\/\/www.prt3.mpt.mp.br\/\" target=\"_blank\" rel=\"noreferrer noopener\">MPT-MG<\/a>) e da Pol\u00edcia Federal.<\/p>\n\n\n\n<p class=\"wp-block-paragraph\">A mulher de 65 anos vivia e trabalhava para a fam\u00edlia havia cerca de 60 anos, tendo come\u00e7ado ainda aos 15 anos de idade. <\/p>\n\n\n\n<p class=\"wp-block-paragraph\">J\u00e1 a idosa de 90 anos permaneceu na mesma condi\u00e7\u00e3o por aproximadamente 75 anos, desde os 15 anos tamb\u00e9m. Ao longo do tempo, as duas chegaram a ser levadas de um im\u00f3vel para outro conforme a necessidade de diferentes gera\u00e7\u00f5es da mesma fam\u00edlia.<\/p>\n\n\n\n<h2 class=\"wp-block-heading\">Rotina de trabalho sem folgas nem carteira assinada<\/h2>\n\n\n\n<p class=\"wp-block-paragraph\">As idosas realizavam tarefas dom\u00e9sticas como limpeza da casa, compras e preparo das refei\u00e7\u00f5es, inclusive aos domingos, sem receber sal\u00e1rio e sem qualquer registro em carteira de trabalho. <\/p>\n\n\n\n<p class=\"wp-block-paragraph\">A fiscaliza\u00e7\u00e3o identificou ainda restri\u00e7\u00f5es \u00e0 vida social das duas mulheres, que n\u00e3o tinham acesso \u00e0s mesmas oportunidades de educa\u00e7\u00e3o, conviv\u00eancia e constru\u00e7\u00e3o de uma vida aut\u00f4noma que os demais integrantes da fam\u00edlia para quem trabalhavam.<\/p>\n\n\n\n<p class=\"wp-block-paragraph\">Os respons\u00e1veis pela resid\u00eancia alegaram \u00e0s equipes de fiscaliza\u00e7\u00e3o que mantinham uma rela\u00e7\u00e3o familiar com as v\u00edtimas, argumento que n\u00e3o foi aceito pelos \u00f3rg\u00e3os respons\u00e1veis pela opera\u00e7\u00e3o. <\/p>\n\n\n\n<p class=\"wp-block-paragraph\">A investiga\u00e7\u00e3o n\u00e3o identificou igualdade de oportunidades, liberdade de conviv\u00eancia social ou qualquer direito patrimonial ou sucess\u00f3rio garantido \u00e0s duas mulheres ao longo de todas as d\u00e9cadas em que trabalharam para a fam\u00edlia.<\/p>\n\n\n\n<p class=\"wp-block-paragraph\">No momento do resgate, a mulher de 65 anos foi encontrada em condi\u00e7\u00e3o de sa\u00fade mais debilitada e precisou de atendimento hospitalar, enquanto a de 90 anos apresentava estado de sa\u00fade considerado melhor. <\/p>\n\n\n\n<p class=\"wp-block-paragraph\">As identidades das duas v\u00edtimas foram preservadas pelas autoridades respons\u00e1veis pelo caso.<\/p>\n\n\n\n<h2 class=\"wp-block-heading\">V\u00edtimas de trabalho escravo em BH recebem acolhimento<\/h2>\n\n\n\n<p class=\"wp-block-paragraph\">Depois do resgate, as duas idosas foram encaminhadas para atendimento m\u00e9dico e, em seguida, passaram a receber acolhimento por meio da rede de prote\u00e7\u00e3o social. <\/p>\n\n\n\n<p class=\"wp-block-paragraph\">A Superintend\u00eancia Regional do Trabalho negocia com a Prefeitura de Belo Horizonte a estrutura\u00e7\u00e3o de um abrigo voltado especificamente para pessoas idosas, com suporte de assistentes sociais, cuidadores e psic\u00f3logos.<\/p>\n\n\n\n<p class=\"wp-block-paragraph\">At\u00e9 o momento, n\u00e3o h\u00e1 informa\u00e7\u00f5es sobre familiares das duas mulheres, o que torna ainda mais delicado o processo de reconstru\u00e7\u00e3o de suas vidas fora da resid\u00eancia onde permaneceram por d\u00e9cadas. <\/p>\n\n\n\n<p class=\"wp-block-paragraph\">A Superintend\u00eancia Regional do Trabalho tamb\u00e9m iniciou o levantamento dos valores referentes aos direitos trabalhistas n\u00e3o pagos ao longo dos anos, que devem ser cobrados dos respons\u00e1veis pela fam\u00edlia em processo pr\u00f3prio.<\/p>\n\n\n\n<h2 class=\"wp-block-heading\">Informalidade ainda \u00e9 alta entre trabalhadores dom\u00e9sticos<\/h2>\n\n\n\n<p class=\"wp-block-paragraph\">O caso das duas idosas resgatadas em Belo Horizonte exp\u00f5e um problema que atinge boa parte da categoria dos trabalhadores dom\u00e9sticos no Brasil. <\/p>\n\n\n\n<p class=\"wp-block-paragraph\">Dados da Pesquisa Nacional por Amostra de Domic\u00edlios (<a href=\"https:\/\/www.ibge.gov.br\/estatisticas\/sociais\/educacao\/9127-pesquisa-nacional-por-amostra-de-domicilios.html\" target=\"_blank\" rel=\"noopener\">PNAD<\/a>) Cont\u00ednua, do IBGE, mostram que cerca de tr\u00eas em cada quatro trabalhadores dom\u00e9sticos no pa\u00eds n\u00e3o t\u00eam carteira de trabalho assinada, um dos maiores \u00edndices de informalidade entre todas as categorias profissionais.<\/p>\n\n\n\n<p class=\"wp-block-paragraph\">Essa informalidade deixa a maior parte dos trabalhadores dom\u00e9sticos brasileiros sem acesso a direitos b\u00e1sicos, como f\u00e9rias remuneradas, d\u00e9cimo terceiro sal\u00e1rio, recolhimento de FGTS e contribui\u00e7\u00e3o para a aposentadoria, mesmo mais de uma d\u00e9cada depois da aprova\u00e7\u00e3o da chamada PEC das Dom\u00e9sticas, que ampliou esses direitos para a categoria em 2013.<\/p>\n","protected":false},"excerpt":{"rendered":"<p>Duas mulheres, uma de 95 anos e outra de 65, foram encontradas v\u00edtimas de trabalho escravo em BH nesta semana. Ap\u00f3s d\u00e9cadas trabalhando para mesma fam\u00edlia, sem direitos trabalhistas ou sal\u00e1rio, elas foram encontradas em uma resid\u00eancia na regi\u00e3o nobre de Belo Horizonte. A a\u00e7\u00e3o foi realizada pela Superintend\u00eancia Regional do Trabalho de Minas Gerais [&hellip;]<\/p>\n","protected":false},"author":5,"featured_media":8469,"comment_status":"closed","ping_status":"open","sticky":false,"template":"","format":"standard","meta":{"_acf_changed":false,"footnotes":""},"categories":[1],"tags":[],"class_list":["post-8465","post","type-post","status-publish","format-standard","has-post-thumbnail","hentry","category-geral"],"acf":{"subtitulo":"V\u00edtimas trabalharam para a mesma fam\u00edlia havia 60 e 75 anos e foram encontradas em situa\u00e7\u00e3o de restri\u00e7\u00e3o \u00e0 vida social, sem carteira assinada.","oculta_home":false,"leitura_rapida":""},"_links":{"self":[{"href":"https:\/\/diariodocomercio.com.br\/geral\/wp-json\/wp\/v2\/posts\/8465","targetHints":{"allow":["GET"]}}],"collection":[{"href":"https:\/\/diariodocomercio.com.br\/geral\/wp-json\/wp\/v2\/posts"}],"about":[{"href":"https:\/\/diariodocomercio.com.br\/geral\/wp-json\/wp\/v2\/types\/post"}],"author":[{"embeddable":true,"href":"https:\/\/diariodocomercio.com.br\/geral\/wp-json\/wp\/v2\/users\/5"}],"replies":[{"embeddable":true,"href":"https:\/\/diariodocomercio.com.br\/geral\/wp-json\/wp\/v2\/comments?post=8465"}],"version-history":[{"count":5,"href":"https:\/\/diariodocomercio.com.br\/geral\/wp-json\/wp\/v2\/posts\/8465\/revisions"}],"predecessor-version":[{"id":8471,"href":"https:\/\/diariodocomercio.com.br\/geral\/wp-json\/wp\/v2\/posts\/8465\/revisions\/8471"}],"wp:featuredmedia":[{"embeddable":true,"href":"https:\/\/diariodocomercio.com.br\/geral\/wp-json\/wp\/v2\/media\/8469"}],"wp:attachment":[{"href":"https:\/\/diariodocomercio.com.br\/geral\/wp-json\/wp\/v2\/media?parent=8465"}],"wp:term":[{"taxonomy":"category","embeddable":true,"href":"https:\/\/diariodocomercio.com.br\/geral\/wp-json\/wp\/v2\/categories?post=8465"},{"taxonomy":"post_tag","embeddable":true,"href":"https:\/\/diariodocomercio.com.br\/geral\/wp-json\/wp\/v2\/tags?post=8465"}],"curies":[{"name":"wp","href":"https:\/\/api.w.org\/{rel}","templated":true}]}}