{"id":8478,"date":"2026-09-04T10:45:00","date_gmt":"2026-09-04T13:45:00","guid":{"rendered":"https:\/\/diariodocomercio.com.br\/geral\/?p=8478"},"modified":"2026-09-04T10:29:09","modified_gmt":"2026-09-04T13:29:09","slug":"vagas-de-emprego-em-uberlandia","status":"publish","type":"post","link":"https:\/\/diariodocomercio.com.br\/geral\/vagas-de-emprego-em-uberlandia\/","title":{"rendered":"Vagas de emprego em Uberl\u00e2ndia: Sine oferece 500 na pr\u00f3xima semana"},"content":{"rendered":"\n<p class=\"wp-block-paragraph\">A Prefeitura de Uberl\u00e2ndia vai oferecer mais de 500 vagas de emprego na pr\u00f3xima quarta-feira, 9 de setembro, durante uma a\u00e7\u00e3o do Sistema Nacional de Emprego (Sine) no Centro de Refer\u00eancia de Assist\u00eancia Social (Cras) Cust\u00f3dio Pereira. A iniciativa \u00e9 realizada pela Secretaria Municipal de Desenvolvimento Social e tem in\u00edcio \u00e0s 13h.<\/p>\n\n\n\n<p class=\"wp-block-paragraph\">Ao todo, s\u00e3o 519 vagas de emprego em Uberl\u00e2ndia oferecidas por empresas parceiras, que v\u00e3o realizar processos seletivos presenciais diretamente no local. O Cras Cust\u00f3dio Pereira fica na rua Luiz Vieira Tavares, 1.191, no bairro de mesmo nome, na regi\u00e3o Leste da cidade. <\/p>\n\n\n\n<p class=\"wp-block-paragraph\">As oportunidades s\u00e3o voltadas a candidatos com diferentes n\u00edveis de escolaridade, incluindo pessoas sem experi\u00eancia profissional anterior, e os sal\u00e1rios variam entre R$ 1.621,00 e R$ 2.744,53.<\/p>\n\n\n\n<h2 class=\"wp-block-heading\">Vagas de emprego em Uberl\u00e2ndia por empresa<\/h2>\n\n\n\n<p class=\"wp-block-paragraph\">A maior parte das vagas de emprego em Uberl\u00e2ndia oferecidas nesta a\u00e7\u00e3o \u00e9 da Callink, com 400 oportunidades para operador de telemarketing ativo e receptivo, com sal\u00e1rio de R$ 1.621,00, al\u00e9m de vale-transporte, assist\u00eancia m\u00e9dica e odontol\u00f3gica e ticket alimenta\u00e7\u00e3o.<\/p>\n\n\n\n<p class=\"wp-block-paragraph\">A rede de supermercados Ponto Mix soma 35 vagas para diferentes fun\u00e7\u00f5es, como repositor de mercadorias, assistente de preven\u00e7\u00e3o de perdas, operador de vendas, vendedor interno, auxiliar de limpeza, conferente de carga e descarga e auxiliar operacional de log\u00edstica, com sal\u00e1rios entre R$ 1.735,45 e R$ 2.000,00.<\/p>\n\n\n\n<p class=\"wp-block-paragraph\">O Hospital UMC tamb\u00e9m \u00e9 um dos destaques da a\u00e7\u00e3o, com 48 vagas distribu\u00eddas entre auxiliar de estoque, cozinheiro, copeiro, auxiliar de cozinha e auxiliar de limpeza, com sal\u00e1rios que v\u00e3o de R$ 1.772,80 a R$ 2.500,00 e benef\u00edcios que incluem seguro de vida. <\/p>\n\n\n\n<p class=\"wp-block-paragraph\">J\u00e1 a Supporte Log\u00edstica oferece dez vagas para auxiliar de armazenamento, com sal\u00e1rio de R$ 1.997,00, e a Uberl\u00e2ndia Refrescos disponibiliza dez vagas para operador de movimenta\u00e7\u00e3o e armazenamento de carga, com remunera\u00e7\u00e3o de R$ 2.296,83 e cesta b\u00e1sica entre os benef\u00edcios.<\/p>\n\n\n\n<p class=\"wp-block-paragraph\">Completam a lista as vagas da RH Suporte, que soma quatro oportunidades para auxiliar de confeiteiro, auxiliar de padeiro, auxiliar de departamento pessoal e operador de empilhadeira, este \u00faltimo exigindo curso espec\u00edfico para a fun\u00e7\u00e3o, com o maior sal\u00e1rio entre todas as vagas oferecidas na a\u00e7\u00e3o: R$ 2.744,53.<\/p>\n\n\n\n<h2 class=\"wp-block-heading\">Servi\u00e7os gratuitos tamb\u00e9m estar\u00e3o dispon\u00edveis no evento<\/h2>\n\n\n\n<p class=\"wp-block-paragraph\">Al\u00e9m das entrevistas de emprego, os participantes da a\u00e7\u00e3o em Uberl\u00e2ndia ter\u00e3o acesso gratuito a outros servi\u00e7os, como atendimento do Sine, orienta\u00e7\u00e3o profissional, apoio na elabora\u00e7\u00e3o de curr\u00edculo e informa\u00e7\u00f5es sobre a Carteira de Trabalho Digital. <\/p>\n\n\n\n<p class=\"wp-block-paragraph\">A proposta \u00e9 ampliar o acesso da popula\u00e7\u00e3o \u00e0s oportunidades de trabalho e aproximar os moradores das mais de duas mil vagas atualmente dispon\u00edveis na plataforma do <a href=\"https:\/\/www.uberlandia.mg.gov.br\/prefeitura\/secretarias\/desenvolvimento-social\/vagas-sine-uberlandia\/\" target=\"_blank\" rel=\"noreferrer noopener\">Sine em Uberl\u00e2ndia<\/a>.<\/p>\n\n\n\n<p class=\"wp-block-paragraph\">Para participar, os interessados devem comparecer ao Cras Cust\u00f3dio Pereira a partir das 13h do dia 9 de setembro, portando documento oficial com foto e a carteira de trabalho, f\u00edsica ou digital. <\/p>\n\n\n\n<p class=\"wp-block-paragraph\">A a\u00e7\u00e3o integra um conjunto de iniciativas da Prefeitura de Uberl\u00e2ndia voltadas \u00e0 gera\u00e7\u00e3o de emprego e renda, que tamb\u00e9m inclui, nesta semana, o an\u00fancio de um programa municipal de qualifica\u00e7\u00e3o profissional voltado a jovens em busca do primeiro emprego.<\/p>\n","protected":false},"excerpt":{"rendered":"<p>A Prefeitura de Uberl\u00e2ndia vai oferecer mais de 500 vagas de emprego na pr\u00f3xima quarta-feira, 9 de setembro, durante uma a\u00e7\u00e3o do Sistema Nacional de Emprego (Sine) no Centro de Refer\u00eancia de Assist\u00eancia Social (Cras) Cust\u00f3dio Pereira. A iniciativa \u00e9 realizada pela Secretaria Municipal de Desenvolvimento Social e tem in\u00edcio \u00e0s 13h. Ao todo, s\u00e3o [&hellip;]<\/p>\n","protected":false},"author":5,"featured_media":8483,"comment_status":"closed","ping_status":"open","sticky":false,"template":"","format":"standard","meta":{"_acf_changed":false,"footnotes":""},"categories":[1,11],"tags":[],"class_list":["post-8478","post","type-post","status-publish","format-standard","has-post-thumbnail","hentry","category-geral","category-cidades"],"acf":{"subtitulo":"Prefeitura leva empresas parceiras para recrutamento presencial no dia 9 de setembro, com vagas para diferentes n\u00edveis de escolaridade.","oculta_home":false,"leitura_rapida":""},"_links":{"self":[{"href":"https:\/\/diariodocomercio.com.br\/geral\/wp-json\/wp\/v2\/posts\/8478","targetHints":{"allow":["GET"]}}],"collection":[{"href":"https:\/\/diariodocomercio.com.br\/geral\/wp-json\/wp\/v2\/posts"}],"about":[{"href":"https:\/\/diariodocomercio.com.br\/geral\/wp-json\/wp\/v2\/types\/post"}],"author":[{"embeddable":true,"href":"https:\/\/diariodocomercio.com.br\/geral\/wp-json\/wp\/v2\/users\/5"}],"replies":[{"embeddable":true,"href":"https:\/\/diariodocomercio.com.br\/geral\/wp-json\/wp\/v2\/comments?post=8478"}],"version-history":[{"count":3,"href":"https:\/\/diariodocomercio.com.br\/geral\/wp-json\/wp\/v2\/posts\/8478\/revisions"}],"predecessor-version":[{"id":8482,"href":"https:\/\/diariodocomercio.com.br\/geral\/wp-json\/wp\/v2\/posts\/8478\/revisions\/8482"}],"wp:featuredmedia":[{"embeddable":true,"href":"https:\/\/diariodocomercio.com.br\/geral\/wp-json\/wp\/v2\/media\/8483"}],"wp:attachment":[{"href":"https:\/\/diariodocomercio.com.br\/geral\/wp-json\/wp\/v2\/media?parent=8478"}],"wp:term":[{"taxonomy":"category","embeddable":true,"href":"https:\/\/diariodocomercio.com.br\/geral\/wp-json\/wp\/v2\/categories?post=8478"},{"taxonomy":"post_tag","embeddable":true,"href":"https:\/\/diariodocomercio.com.br\/geral\/wp-json\/wp\/v2\/tags?post=8478"}],"curies":[{"name":"wp","href":"https:\/\/api.w.org\/{rel}","templated":true}]}}