{"id":8479,"date":"2026-09-04T11:00:00","date_gmt":"2026-09-04T14:00:00","guid":{"rendered":"https:\/\/diariodocomercio.com.br\/geral\/?p=8479"},"modified":"2026-09-04T10:33:38","modified_gmt":"2026-09-04T13:33:38","slug":"novo-centro-de-saude-nova-york","status":"publish","type":"post","link":"https:\/\/diariodocomercio.com.br\/geral\/novo-centro-de-saude-nova-york\/","title":{"rendered":"Com 17 consult\u00f3rios, novo posto de sa\u00fade \u00e9 aberto para atender o Jardim Comerci\u00e1rios e o Jardim Europa"},"content":{"rendered":"\n<p class=\"wp-block-paragraph\">O Centro de Sa\u00fade Nova York come\u00e7a a atender cerca de 15 mil pessoas nos bairros Jardim Comerci\u00e1rios e Jardim Europa, na Regional Venda Nova de Belo Horizonte, a partir da pr\u00f3xima ter\u00e7a-feira (8).<\/p>\n\n\n\n<p class=\"wp-block-paragraph\">Inaugurado na quinta-feira (3) pelo prefeito \u00c1lvaro Dami\u00e3o, o posto fica na Rua Ant\u00f4nio Porf\u00edrio Luiz, 10, no Bairro Europa. A constru\u00e7\u00e3o foi viabilizada por Parceria P\u00fablico-Privada (PPP).<\/p>\n\n\n\n<h2 class=\"wp-block-heading\"><strong>Centro de Sa\u00fade Nova York tem 17 consult\u00f3rios e 70 profissionais<\/strong><\/h2>\n\n\n\n<p class=\"wp-block-paragraph\">O espa\u00e7o conta com 17 consult\u00f3rios, cinco a mais que a estrutura anterior. Segundo a <a href=\"https:\/\/prefeitura.pbh.gov.br\/\" target=\"_blank\" rel=\"noopener\">Prefeitura de Belo Horizonte<\/a>, todo o pr\u00e9dio \u00e9 adaptado para pessoas com dificuldades de locomo\u00e7\u00e3o e os ambientes s\u00e3o climatizados. H\u00e1 ainda servi\u00e7os de vacina\u00e7\u00e3o, farm\u00e1cia, coleta, curativo e triagem, al\u00e9m de setor dedicado ao controle de Zoonoses.<\/p>\n\n\n\n<p class=\"wp-block-paragraph\">S\u00e3o 70 profissionais no total. A equipe inclui quatro times de Sa\u00fade da Fam\u00edlia, tr\u00eas equipes de Sa\u00fade Bucal, cl\u00ednicos gerais, especialista em sa\u00fade mental, assistente social e psic\u00f3logo. O N\u00facleo Ampliado de Sa\u00fade da Fam\u00edlia e Aten\u00e7\u00e3o B\u00e1sica (Nasf-AB) complementa o quadro com fonoaudi\u00f3logo, farmac\u00eautico, fisioterapeuta, nutricionista e educador f\u00edsico.<\/p>\n\n\n\n<h2 class=\"wp-block-heading\"><strong>Antigo posto pode virar Cras ap\u00f3s abertura da unidade&nbsp;<\/strong><\/h2>\n\n\n\n<p class=\"wp-block-paragraph\">Em junho de 2025, moradores cobraram do prefeito a abertura de uma unidade de sa\u00fade no bairro durante visita \u00e0 regi\u00e3o. Dami\u00e3o anunciou na ocasi\u00e3o que as obras come\u00e7ariam ainda naquele ano. &#8220;Entregar o Centro de Sa\u00fade Nova York, aqui na regi\u00e3o de Venda Nova, \u00e9 um privil\u00e9gio do nosso mandato&#8221;, afirmou o prefeito durante a cerim\u00f4nia.<\/p>\n\n\n\n<p class=\"wp-block-paragraph\">O antigo pr\u00e9dio do Centro de Sa\u00fade, ainda segundo Dami\u00e3o, pode ser convertido em um Centro de Refer\u00eancia de Assist\u00eancia Social (Cras).&nbsp;<\/p>\n\n\n\n<p class=\"wp-block-paragraph\">Com esta unidade, BH chega a 62 postos de sa\u00fade b\u00e1sica levantados ou reconstru\u00eddos pelo modelo de PPP. Mais duas obras est\u00e3o em andamento: os centros Pindorama &#8211; Elza Martins e Santa Rosa, com conclus\u00e3o prevista para 2027.<\/p>\n","protected":false},"excerpt":{"rendered":"<p>O Centro de Sa\u00fade Nova York come\u00e7a a atender cerca de 15 mil pessoas nos bairros Jardim Comerci\u00e1rios e Jardim Europa, na Regional Venda Nova de Belo Horizonte, a partir da pr\u00f3xima ter\u00e7a-feira (8). Inaugurado na quinta-feira (3) pelo prefeito \u00c1lvaro Dami\u00e3o, o posto fica na Rua Ant\u00f4nio Porf\u00edrio Luiz, 10, no Bairro Europa. A [&hellip;]<\/p>\n","protected":false},"author":4,"featured_media":8486,"comment_status":"closed","ping_status":"open","sticky":false,"template":"","format":"standard","meta":{"_acf_changed":false,"footnotes":""},"categories":[11],"tags":[],"class_list":["post-8479","post","type-post","status-publish","format-standard","has-post-thumbnail","hentry","category-cidades"],"acf":{"subtitulo":"O Centro de Sa\u00fade Nova York atende cerca de 15 mil moradores e conta com 70 profissionais","oculta_home":false,"leitura_rapida":""},"_links":{"self":[{"href":"https:\/\/diariodocomercio.com.br\/geral\/wp-json\/wp\/v2\/posts\/8479","targetHints":{"allow":["GET"]}}],"collection":[{"href":"https:\/\/diariodocomercio.com.br\/geral\/wp-json\/wp\/v2\/posts"}],"about":[{"href":"https:\/\/diariodocomercio.com.br\/geral\/wp-json\/wp\/v2\/types\/post"}],"author":[{"embeddable":true,"href":"https:\/\/diariodocomercio.com.br\/geral\/wp-json\/wp\/v2\/users\/4"}],"replies":[{"embeddable":true,"href":"https:\/\/diariodocomercio.com.br\/geral\/wp-json\/wp\/v2\/comments?post=8479"}],"version-history":[{"count":3,"href":"https:\/\/diariodocomercio.com.br\/geral\/wp-json\/wp\/v2\/posts\/8479\/revisions"}],"predecessor-version":[{"id":8487,"href":"https:\/\/diariodocomercio.com.br\/geral\/wp-json\/wp\/v2\/posts\/8479\/revisions\/8487"}],"wp:featuredmedia":[{"embeddable":true,"href":"https:\/\/diariodocomercio.com.br\/geral\/wp-json\/wp\/v2\/media\/8486"}],"wp:attachment":[{"href":"https:\/\/diariodocomercio.com.br\/geral\/wp-json\/wp\/v2\/media?parent=8479"}],"wp:term":[{"taxonomy":"category","embeddable":true,"href":"https:\/\/diariodocomercio.com.br\/geral\/wp-json\/wp\/v2\/categories?post=8479"},{"taxonomy":"post_tag","embeddable":true,"href":"https:\/\/diariodocomercio.com.br\/geral\/wp-json\/wp\/v2\/tags?post=8479"}],"curies":[{"name":"wp","href":"https:\/\/api.w.org\/{rel}","templated":true}]}}