{"id":8492,"date":"2026-09-04T11:15:00","date_gmt":"2026-09-04T14:15:00","guid":{"rendered":"https:\/\/diariodocomercio.com.br\/geral\/?p=8492"},"modified":"2026-09-04T11:15:23","modified_gmt":"2026-09-04T14:15:23","slug":"operacao-independencia-minas","status":"publish","type":"post","link":"https:\/\/diariodocomercio.com.br\/geral\/operacao-independencia-minas\/","title":{"rendered":"Estradas de MG t\u00eam fiscaliza\u00e7\u00e3o rigorosa, radar e baf\u00f4metro a partir desta sexta (4)"},"content":{"rendered":"\n<p class=\"wp-block-paragraph\">As estradas de Minas Gerais t\u00eam fiscaliza\u00e7\u00e3o refor\u00e7ada desta sexta-feira (4) at\u00e9 o feriado de 7 de Setembro. A Opera\u00e7\u00e3o Independ\u00eancia, coordenada pela <a href=\"https:\/\/www.gov.br\/prf\/pt-br\" target=\"_blank\" rel=\"noopener\">Pol\u00edcia Rodovi\u00e1ria Federal<\/a> (PRF) e pela Pol\u00edcia Militar, atua nas rodovias federais e estaduais com restri\u00e7\u00f5es para caminh\u00f5es e blitz de tr\u00e2nsito.&nbsp;<\/p>\n\n\n\n<p class=\"wp-block-paragraph\">Conjuntos de ve\u00edculos que ultrapassem 2,6 metros de largura, 4,4 metros de altura, 19,8 metros de comprimento ou 58,5 toneladas de peso bruto est\u00e3o impedidos de circular. Quem descumprir paga multa de R$ 130,16, perde 4 pontos na CNH e tem o ve\u00edculo retido.<\/p>\n\n\n\n<p class=\"wp-block-paragraph\">Os bloqueios valem em tr\u00eas janelas: sexta (4), das 16h \u00e0s 22h; s\u00e1bado (5), das 6h \u00e0s 12h; e segunda-feira (7), das 16h \u00e0s 22h.<\/p>\n\n\n\n<p class=\"wp-block-paragraph\">A opera\u00e7\u00e3o inclui ainda frentes de combate ao crime, com apreens\u00e3o de entorpecentes, armamento ilegal e localiza\u00e7\u00e3o de ve\u00edculos com registro de roubo ou furto.<\/p>\n\n\n\n<h2 class=\"wp-block-heading\"><strong>Opera\u00e7\u00e3o Independ\u00eancia fiscaliza cinco infra\u00e7\u00f5es priorit\u00e1rias<\/strong><\/h2>\n\n\n\n<p class=\"wp-block-paragraph\">Velocidade acima do limite, ultrapassagens em locais proibidos, dirigir ap\u00f3s consumir bebida alco\u00f3lica, usar o telefone enquanto dirige e n\u00e3o usar cinto ou cadeirinha infantil s\u00e3o as infra\u00e7\u00f5es priorit\u00e1rias para as equipes. A\u00e7\u00f5es educativas para orientar os motoristas tamb\u00e9m est\u00e3o previstas ao longo do feriado.<\/p>\n\n\n\n<h2 class=\"wp-block-heading\"><strong>PM refor\u00e7a estradas estaduais&nbsp;<\/strong><\/h2>\n\n\n\n<p class=\"wp-block-paragraph\">A Pol\u00edcia Militar iniciou sua parte da opera\u00e7\u00e3o \u00e0s 7h desta sexta, com atua\u00e7\u00e3o na MGC-135, em Bocaiuva e Curvelo, na MGC-122, em Jana\u00faba, e na MGC-367, em Diamantina.&nbsp;<\/p>\n\n\n\n<p class=\"wp-block-paragraph\">Nas rodovias federais, a PRF destinou equipes aos pontos com maior registro de ocorr\u00eancias. Em nota ao G1 Grande Minas, o \u00f3rg\u00e3o alertou que feriados prolongados combinam dois fatores de risco simult\u00e2neos: volume elevado de ve\u00edculos nas estradas e comportamentos como ultrapassagens irregulares e \u00e1lcool ao volante.<\/p>\n\n\n\n<p class=\"wp-block-paragraph\">Ocorr\u00eancias nas rodovias federais podem ser comunicadas pelo 191.<\/p>\n","protected":false},"excerpt":{"rendered":"<p>As estradas de Minas Gerais t\u00eam fiscaliza\u00e7\u00e3o refor\u00e7ada desta sexta-feira (4) at\u00e9 o feriado de 7 de Setembro. A Opera\u00e7\u00e3o Independ\u00eancia, coordenada pela Pol\u00edcia Rodovi\u00e1ria Federal (PRF) e pela Pol\u00edcia Militar, atua nas rodovias federais e estaduais com restri\u00e7\u00f5es para caminh\u00f5es e blitz de tr\u00e2nsito.&nbsp; Conjuntos de ve\u00edculos que ultrapassem 2,6 metros de largura, 4,4 [&hellip;]<\/p>\n","protected":false},"author":4,"featured_media":8496,"comment_status":"closed","ping_status":"open","sticky":false,"template":"","format":"standard","meta":{"_acf_changed":false,"footnotes":""},"categories":[13],"tags":[],"class_list":["post-8492","post","type-post","status-publish","format-standard","has-post-thumbnail","hentry","category-regional"],"acf":{"subtitulo":"Restri\u00e7\u00f5es para caminh\u00f5es, multa de R$ 130,16 e perda de pontos na CNH est\u00e3o entre as medidas da Opera\u00e7\u00e3o Independ\u00eancia at\u00e9 7 de setembro","oculta_home":false,"leitura_rapida":""},"_links":{"self":[{"href":"https:\/\/diariodocomercio.com.br\/geral\/wp-json\/wp\/v2\/posts\/8492","targetHints":{"allow":["GET"]}}],"collection":[{"href":"https:\/\/diariodocomercio.com.br\/geral\/wp-json\/wp\/v2\/posts"}],"about":[{"href":"https:\/\/diariodocomercio.com.br\/geral\/wp-json\/wp\/v2\/types\/post"}],"author":[{"embeddable":true,"href":"https:\/\/diariodocomercio.com.br\/geral\/wp-json\/wp\/v2\/users\/4"}],"replies":[{"embeddable":true,"href":"https:\/\/diariodocomercio.com.br\/geral\/wp-json\/wp\/v2\/comments?post=8492"}],"version-history":[{"count":3,"href":"https:\/\/diariodocomercio.com.br\/geral\/wp-json\/wp\/v2\/posts\/8492\/revisions"}],"predecessor-version":[{"id":8497,"href":"https:\/\/diariodocomercio.com.br\/geral\/wp-json\/wp\/v2\/posts\/8492\/revisions\/8497"}],"wp:featuredmedia":[{"embeddable":true,"href":"https:\/\/diariodocomercio.com.br\/geral\/wp-json\/wp\/v2\/media\/8496"}],"wp:attachment":[{"href":"https:\/\/diariodocomercio.com.br\/geral\/wp-json\/wp\/v2\/media?parent=8492"}],"wp:term":[{"taxonomy":"category","embeddable":true,"href":"https:\/\/diariodocomercio.com.br\/geral\/wp-json\/wp\/v2\/categories?post=8492"},{"taxonomy":"post_tag","embeddable":true,"href":"https:\/\/diariodocomercio.com.br\/geral\/wp-json\/wp\/v2\/tags?post=8492"}],"curies":[{"name":"wp","href":"https:\/\/api.w.org\/{rel}","templated":true}]}}