{"id":8495,"date":"2026-09-04T11:30:00","date_gmt":"2026-09-04T14:30:00","guid":{"rendered":"https:\/\/diariodocomercio.com.br\/geral\/?p=8495"},"modified":"2026-09-04T11:21:30","modified_gmt":"2026-09-04T14:21:30","slug":"montes-claros-inaugura-primeira-escola-de-consumo-do-brasil","status":"publish","type":"post","link":"https:\/\/diariodocomercio.com.br\/geral\/montes-claros-inaugura-primeira-escola-de-consumo-do-brasil\/","title":{"rendered":"Montes Claros inaugura primeira escola voltada \u00e0 educa\u00e7\u00e3o para consumo"},"content":{"rendered":"\n<p class=\"wp-block-paragraph\">Montes Claros ser\u00e1 sede da aula inaugural da primeira escola de consumo municipal do Brasil. A cerim\u00f4nia acontece no dia 11 de setembro, \u00e0s 15h, com a presen\u00e7a do secret\u00e1rio <a href=\"https:\/\/www.gov.br\/mj\/pt-br\/assuntos\/seus-direitos\/consumidor\" target=\"_blank\" rel=\"noopener\">Nacional do Consumidor<\/a>, Ricardo Morishita, e marca a abertura oficial das atividades da Escola Municipal de Educa\u00e7\u00e3o para o Consumo, instalada na regi\u00e3o central da cidade.<\/p>\n\n\n\n<p class=\"wp-block-paragraph\">A iniciativa prop\u00f5e desenvolver compet\u00eancias relacionadas ao planejamento financeiro, consumo respons\u00e1vel, uso consciente do cr\u00e9dito, seguran\u00e7a no ambiente digital e participa\u00e7\u00e3o cidad\u00e3.&nbsp;<\/p>\n\n\n\n<p class=\"wp-block-paragraph\">O p\u00fablico-alvo abrange crian\u00e7as, jovens, adultos e idosos. Al\u00e9m disso, a escola de consumo dever\u00e1 atuar na forma\u00e7\u00e3o continuada de educadores e servidores p\u00fablicos, contemplando diferentes segmentos da sociedade.<\/p>\n\n\n\n<h2 class=\"wp-block-heading\"><strong>Como ser\u00e1 a metodologia da escola de consumo<\/strong><\/h2>\n\n\n\n<p class=\"wp-block-paragraph\">A coordenadora pedag\u00f3gica Elis\u00e2ngela Mesquita Silva explica que o trabalho se baseia em experi\u00eancias concretas ligadas ao cotidiano dos alunos.<\/p>\n\n\n\n<p class=\"wp-block-paragraph\">&#8220;A Escola Municipal do Consumidor promove forma\u00e7\u00e3o continuada e permanente por meio da experiencia\u00e7\u00e3o, articulando conhecimentos \u00e0s viv\u00eancias cotidianas dos cidad\u00e3os e contribuindo para rela\u00e7\u00f5es de consumo mais conscientes e equilibradas&#8221;, afirma.<\/p>\n\n\n\n<p class=\"wp-block-paragraph\">Entre os problemas que a escola pretende enfrentar est\u00e3o o baixo letramento financeiro, o desconhecimento dos direitos do consumidor, o uso inadequado do cr\u00e9dito e a influ\u00eancia crescente da publicidade e das redes sociais sobre as decis\u00f5es de compra.<\/p>\n\n\n\n<p class=\"wp-block-paragraph\">A aula inaugural ter\u00e1 como principal atra\u00e7\u00e3o a palestra magna de Ricardo Morishita, secret\u00e1rio Nacional do Consumidor, que participar\u00e1 da abertura oficial das atividades.<\/p>\n\n\n\n<p class=\"wp-block-paragraph\"><\/p>\n","protected":false},"excerpt":{"rendered":"<p>Montes Claros ser\u00e1 sede da aula inaugural da primeira escola de consumo municipal do Brasil. A cerim\u00f4nia acontece no dia 11 de setembro, \u00e0s 15h, com a presen\u00e7a do secret\u00e1rio Nacional do Consumidor, Ricardo Morishita, e marca a abertura oficial das atividades da Escola Municipal de Educa\u00e7\u00e3o para o Consumo, instalada na regi\u00e3o central da [&hellip;]<\/p>\n","protected":false},"author":3,"featured_media":8499,"comment_status":"closed","ping_status":"open","sticky":false,"template":"","format":"standard","meta":{"_acf_changed":false,"footnotes":""},"categories":[9,13],"tags":[],"class_list":["post-8495","post","type-post","status-publish","format-standard","has-post-thumbnail","hentry","category-economia","category-regional"],"acf":{"subtitulo":"Aula inaugural acontece no dia 11 de setembro com presen\u00e7a do secret\u00e1rio Nacional do Consumidor","oculta_home":false,"leitura_rapida":""},"_links":{"self":[{"href":"https:\/\/diariodocomercio.com.br\/geral\/wp-json\/wp\/v2\/posts\/8495","targetHints":{"allow":["GET"]}}],"collection":[{"href":"https:\/\/diariodocomercio.com.br\/geral\/wp-json\/wp\/v2\/posts"}],"about":[{"href":"https:\/\/diariodocomercio.com.br\/geral\/wp-json\/wp\/v2\/types\/post"}],"author":[{"embeddable":true,"href":"https:\/\/diariodocomercio.com.br\/geral\/wp-json\/wp\/v2\/users\/3"}],"replies":[{"embeddable":true,"href":"https:\/\/diariodocomercio.com.br\/geral\/wp-json\/wp\/v2\/comments?post=8495"}],"version-history":[{"count":1,"href":"https:\/\/diariodocomercio.com.br\/geral\/wp-json\/wp\/v2\/posts\/8495\/revisions"}],"predecessor-version":[{"id":8503,"href":"https:\/\/diariodocomercio.com.br\/geral\/wp-json\/wp\/v2\/posts\/8495\/revisions\/8503"}],"wp:featuredmedia":[{"embeddable":true,"href":"https:\/\/diariodocomercio.com.br\/geral\/wp-json\/wp\/v2\/media\/8499"}],"wp:attachment":[{"href":"https:\/\/diariodocomercio.com.br\/geral\/wp-json\/wp\/v2\/media?parent=8495"}],"wp:term":[{"taxonomy":"category","embeddable":true,"href":"https:\/\/diariodocomercio.com.br\/geral\/wp-json\/wp\/v2\/categories?post=8495"},{"taxonomy":"post_tag","embeddable":true,"href":"https:\/\/diariodocomercio.com.br\/geral\/wp-json\/wp\/v2\/tags?post=8495"}],"curies":[{"name":"wp","href":"https:\/\/api.w.org\/{rel}","templated":true}]}}