{"id":8513,"date":"2026-09-04T12:30:00","date_gmt":"2026-09-04T15:30:00","guid":{"rendered":"https:\/\/diariodocomercio.com.br\/geral\/?p=8513"},"modified":"2026-09-04T11:58:14","modified_gmt":"2026-09-04T14:58:14","slug":"unimed-bh-nova-lima-150-vagas-trabalho","status":"publish","type":"post","link":"https:\/\/diariodocomercio.com.br\/geral\/unimed-bh-nova-lima-150-vagas-trabalho\/","title":{"rendered":"Nova unidade da Unimed-BH em Nova Lima est\u00e1 com 150 vagas de emprego"},"content":{"rendered":"\n<p class=\"wp-block-paragraph\">A Unimed-BH abriu 150 vagas de emprego para o novo Hospital Unimed Nova Lima, no bairro Vale do Sereno, na Regi\u00e3o Metropolitana de Belo Horizonte. A unidade tem previs\u00e3o de iniciar as atividades na segunda quinzena de novembro, inicialmente com o Pronto Atendimento. As vagas s\u00e3o abertas a pessoas com defici\u00eancia e a candidatos de diferentes orienta\u00e7\u00f5es sexuais, identidades de g\u00eanero, ra\u00e7as, etnias e idades.<\/p>\n\n\n\n<p class=\"wp-block-paragraph\">As oportunidades s\u00e3o para t\u00e9cnicos de enfermagem, enfermeiros, auxiliares de farm\u00e1cia, farmac\u00eauticos e profissionais das \u00e1reas administrativa e de atendimento. Os interessados podem cadastrar o curr\u00edculo no banco de talentos pelo <a href=\"http:\/\/vagas.unimedbh.com.br\" target=\"_blank\" rel=\"noopener\">portal da Unimed-BH<\/a>.<\/p>\n\n\n\n<h2 class=\"wp-block-heading\"><strong>Como ser\u00e1 a unidade da Unimed-BH em Nova Lima<\/strong><\/h2>\n\n\n\n<p class=\"wp-block-paragraph\">O edif\u00edcio de dez andares e 13,5 mil m\u00b2 ter\u00e1 aproximadamente 150 leitos distribu\u00eddos entre interna\u00e7\u00e3o, terapia intensiva adulta e pedi\u00e1trica, al\u00e9m de um centro de diagn\u00f3stico.<\/p>\n\n\n\n<p class=\"wp-block-paragraph\">O funcionamento ser\u00e1 implantado em fases. Na primeira, o Pronto Atendimento atender\u00e1 pacientes adultos com cobertura da Rede Ampla, com capacidade estimada de 7.500 atendimentos por m\u00eas. As especialidades oferecidas ser\u00e3o Cl\u00ednica M\u00e9dica e Cirurgia Geral, com funcionamento 24 horas, e Ortopedia e Traumatologia, das 7h \u00e0s 20h.<\/p>\n","protected":false},"excerpt":{"rendered":"<p>A Unimed-BH abriu 150 vagas de emprego para o novo Hospital Unimed Nova Lima, no bairro Vale do Sereno, na Regi\u00e3o Metropolitana de Belo Horizonte. A unidade tem previs\u00e3o de iniciar as atividades na segunda quinzena de novembro, inicialmente com o Pronto Atendimento. As vagas s\u00e3o abertas a pessoas com defici\u00eancia e a candidatos de [&hellip;]<\/p>\n","protected":false},"author":3,"featured_media":8514,"comment_status":"closed","ping_status":"open","sticky":false,"template":"","format":"standard","meta":{"_acf_changed":false,"footnotes":""},"categories":[1,13],"tags":[],"class_list":["post-8513","post","type-post","status-publish","format-standard","has-post-thumbnail","hentry","category-geral","category-regional"],"acf":{"subtitulo":"Oportunidades s\u00e3o para t\u00e9cnicos de enfermagem, farmac\u00eauticos e profissionais administrativos","oculta_home":false,"leitura_rapida":""},"_links":{"self":[{"href":"https:\/\/diariodocomercio.com.br\/geral\/wp-json\/wp\/v2\/posts\/8513","targetHints":{"allow":["GET"]}}],"collection":[{"href":"https:\/\/diariodocomercio.com.br\/geral\/wp-json\/wp\/v2\/posts"}],"about":[{"href":"https:\/\/diariodocomercio.com.br\/geral\/wp-json\/wp\/v2\/types\/post"}],"author":[{"embeddable":true,"href":"https:\/\/diariodocomercio.com.br\/geral\/wp-json\/wp\/v2\/users\/3"}],"replies":[{"embeddable":true,"href":"https:\/\/diariodocomercio.com.br\/geral\/wp-json\/wp\/v2\/comments?post=8513"}],"version-history":[{"count":1,"href":"https:\/\/diariodocomercio.com.br\/geral\/wp-json\/wp\/v2\/posts\/8513\/revisions"}],"predecessor-version":[{"id":8516,"href":"https:\/\/diariodocomercio.com.br\/geral\/wp-json\/wp\/v2\/posts\/8513\/revisions\/8516"}],"wp:featuredmedia":[{"embeddable":true,"href":"https:\/\/diariodocomercio.com.br\/geral\/wp-json\/wp\/v2\/media\/8514"}],"wp:attachment":[{"href":"https:\/\/diariodocomercio.com.br\/geral\/wp-json\/wp\/v2\/media?parent=8513"}],"wp:term":[{"taxonomy":"category","embeddable":true,"href":"https:\/\/diariodocomercio.com.br\/geral\/wp-json\/wp\/v2\/categories?post=8513"},{"taxonomy":"post_tag","embeddable":true,"href":"https:\/\/diariodocomercio.com.br\/geral\/wp-json\/wp\/v2\/tags?post=8513"}],"curies":[{"name":"wp","href":"https:\/\/api.w.org\/{rel}","templated":true}]}}