{"id":8515,"date":"2026-09-04T13:00:00","date_gmt":"2026-09-04T16:00:00","guid":{"rendered":"https:\/\/diariodocomercio.com.br\/geral\/?p=8515"},"modified":"2026-09-04T12:02:18","modified_gmt":"2026-09-04T15:02:18","slug":"cesta-basica-em-belo-horizonte-cai","status":"publish","type":"post","link":"https:\/\/diariodocomercio.com.br\/geral\/cesta-basica-em-belo-horizonte-cai\/","title":{"rendered":"Cesta b\u00e1sica volta a cair em BH, mas valor ainda consome quase metade do sal\u00e1rio m\u00ednimo"},"content":{"rendered":"\n<p class=\"wp-block-paragraph\">A cesta b\u00e1sica em Belo Horizonte custou R$ 757,19 em agosto, queda de 0,25% em rela\u00e7\u00e3o a julho, conforme apurou a <a href=\"https:\/\/www.ipead.face.ufmg.br\/\" target=\"_blank\" rel=\"noopener\">Funda\u00e7\u00e3o Ipead<\/a> (Funda\u00e7\u00e3o Instituto de Pesquisas Econ\u00f4micas, Administrativas e Cont\u00e1beis de Minas Gerais). O valor representa <a href=\"https:\/\/diariodocomercio.com.br\/geral\/salario-minimo-necessario-2026\/\">46,71% do sal\u00e1rio m\u00ednimo atual<\/a>, de R$ 1.621.<\/p>\n\n\n\n<h2 class=\"wp-block-heading\"><strong>Cesta b\u00e1sica em Belo Horizonte registra segunda queda mensal seguida<\/strong><\/h2>\n\n\n\n<p class=\"wp-block-paragraph\">\u00c9 o segundo m\u00eas seguido com queda. Em julho, a redu\u00e7\u00e3o tinha sido mais intensa, de 5,21%, com a cesta indo de R$ 800,76 para R$ 759,08. Em agosto, caiu menos, mas o movimento se manteve.<\/p>\n\n\n\n<p class=\"wp-block-paragraph\">A pesquisa avaliou 13 produtos, e sete ficaram mais baratos. A batata-inglesa liderou as quedas, com 10,94% a menos. Feij\u00e3o-carioquinha e caf\u00e9 mo\u00eddo tamb\u00e9m ca\u00edram: 6,26% e 2,20%.<\/p>\n\n\n\n<p class=\"wp-block-paragraph\">Tr\u00eas itens ficaram mais caros. O tomate foi o que mais encareceu, subindo 3,95%. A\u00e7\u00facar cristal e banana-caturra avan\u00e7aram 1,48% e 1,43%.<\/p>\n\n\n\n<p class=\"wp-block-paragraph\">Mesmo assim, o valor ainda pesa no or\u00e7amento. O gerente de Pesquisa da Funda\u00e7\u00e3o Ipead, Eduardo Antunes, avaliou ao Estado de Minas que o impacto no or\u00e7amento \u00e9 relevante. &#8220;\u00c9 um valor alto. Principalmente porque representa o gasto m\u00e9dio mensal de um trabalhador adulto com alimenta\u00e7\u00e3o, n\u00e3o \u00e9 o gasto de uma fam\u00edlia&#8221;, disse.<\/p>\n\n\n\n<h2 class=\"wp-block-heading\"><strong>No acumulado do ano, alta chega a 1,94% em BH<\/strong><\/h2>\n\n\n\n<p class=\"wp-block-paragraph\">Em agosto de 2025, a cesta custava R$ 742,48, cerca de R$ 14,71 mais barata do que agora. Mesmo assim, ela comprometia uma fatia maior do sal\u00e1rio m\u00ednimo: 48,91%, contra 46,71% em agosto de 2026.<\/p>\n\n\n\n<p class=\"wp-block-paragraph\">A <a href=\"https:\/\/diariodocomercio.com.br\/geral\/cesta-basica-aumenta-em-17-capitais-junho\/\">cesta b\u00e1sica acumula alta de 1,94% em BH<\/a> entre janeiro e agosto deste ano. Nos \u00faltimos 12 meses, a varia\u00e7\u00e3o chega a 1,98%, conforme a Funda\u00e7\u00e3o Ipead.<\/p>\n","protected":false},"excerpt":{"rendered":"<p>A cesta b\u00e1sica em Belo Horizonte custou R$ 757,19 em agosto, queda de 0,25% em rela\u00e7\u00e3o a julho, conforme apurou a Funda\u00e7\u00e3o Ipead (Funda\u00e7\u00e3o Instituto de Pesquisas Econ\u00f4micas, Administrativas e Cont\u00e1beis de Minas Gerais). O valor representa 46,71% do sal\u00e1rio m\u00ednimo atual, de R$ 1.621. Cesta b\u00e1sica em Belo Horizonte registra segunda queda mensal seguida [&hellip;]<\/p>\n","protected":false},"author":4,"featured_media":8517,"comment_status":"closed","ping_status":"open","sticky":false,"template":"","format":"standard","meta":{"_acf_changed":false,"footnotes":""},"categories":[9,11],"tags":[],"class_list":["post-8515","post","type-post","status-publish","format-standard","has-post-thumbnail","hentry","category-economia","category-cidades"],"acf":{"subtitulo":"Valor de R$ 757,19 ainda representa 46,71% do sal\u00e1rio m\u00ednimo, segundo a Funda\u00e7\u00e3o Ipead","oculta_home":false,"leitura_rapida":""},"_links":{"self":[{"href":"https:\/\/diariodocomercio.com.br\/geral\/wp-json\/wp\/v2\/posts\/8515","targetHints":{"allow":["GET"]}}],"collection":[{"href":"https:\/\/diariodocomercio.com.br\/geral\/wp-json\/wp\/v2\/posts"}],"about":[{"href":"https:\/\/diariodocomercio.com.br\/geral\/wp-json\/wp\/v2\/types\/post"}],"author":[{"embeddable":true,"href":"https:\/\/diariodocomercio.com.br\/geral\/wp-json\/wp\/v2\/users\/4"}],"replies":[{"embeddable":true,"href":"https:\/\/diariodocomercio.com.br\/geral\/wp-json\/wp\/v2\/comments?post=8515"}],"version-history":[{"count":3,"href":"https:\/\/diariodocomercio.com.br\/geral\/wp-json\/wp\/v2\/posts\/8515\/revisions"}],"predecessor-version":[{"id":8520,"href":"https:\/\/diariodocomercio.com.br\/geral\/wp-json\/wp\/v2\/posts\/8515\/revisions\/8520"}],"wp:featuredmedia":[{"embeddable":true,"href":"https:\/\/diariodocomercio.com.br\/geral\/wp-json\/wp\/v2\/media\/8517"}],"wp:attachment":[{"href":"https:\/\/diariodocomercio.com.br\/geral\/wp-json\/wp\/v2\/media?parent=8515"}],"wp:term":[{"taxonomy":"category","embeddable":true,"href":"https:\/\/diariodocomercio.com.br\/geral\/wp-json\/wp\/v2\/categories?post=8515"},{"taxonomy":"post_tag","embeddable":true,"href":"https:\/\/diariodocomercio.com.br\/geral\/wp-json\/wp\/v2\/tags?post=8515"}],"curies":[{"name":"wp","href":"https:\/\/api.w.org\/{rel}","templated":true}]}}